{"id":2174,"date":"2020-01-10T09:40:00","date_gmt":"2020-01-10T11:40:00","guid":{"rendered":"http:\/\/www.confere.org.br\/wordpress\/?p=2174"},"modified":"2020-01-13T09:56:07","modified_gmt":"2020-01-13T11:56:07","slug":"linkedin-divulga-estudo-que-mostra-as-15-profissoes-que-estarao-em-alta-no-brasil-em-2020","status":"publish","type":"post","link":"https:\/\/www.confere.org.br\/wordpress\/linkedin-divulga-estudo-que-mostra-as-15-profissoes-que-estarao-em-alta-no-brasil-em-2020\/","title":{"rendered":"Linkedin divulga estudo que mostra as 15 profiss\u00f5es que estar\u00e3o em alta no Brasil em 2020"},"content":{"rendered":"\n<p>A rede social Linkedin, conhecida por conectar pessoas levando em considera\u00e7\u00e3o o hist\u00f3rico e a forma\u00e7\u00e3o profissional dos usu\u00e1rios, divulgou uma pesquisa que revelou as 15 profiss\u00f5es que estar\u00e3o em alta no Pa\u00eds neste ano.<\/p>\n\n\n\n<p>&nbsp;O\nlevantamento \u201cProfiss\u00f5es Emergentes\u201d foi realizado com base em dados de\nusu\u00e1rios que tem perfil p\u00fablico, sem acesso restrito, e levou em conta o n\u00famero\nde buscas e intera\u00e7\u00f5es na rede social, relacionados \u00e0s ocupa\u00e7\u00f5es listadas, al\u00e9m\nda taxa de contrata\u00e7\u00e3o de determinados profissionais pelas empresas, nos\n\u00faltimos cinco anos.<\/p>\n\n\n\n<p>A carreira de\nRepresentante Comercial, que teve um crescimento mundial de 34% em um per\u00edodo\nde quatro anos (de 2015 a 2019), ocupa o terceiro lugar no ranking segundo a\npesquisa, que, tamb\u00e9m, listou as habilidades mais requisitadas pelos gestores\nde companhias quando se trata de buscar um novo colaborador.<\/p>\n\n\n\n<p>Outbound\nMarketing; inbound marketing, pr\u00e9-venda, vendas internas e prospec\u00e7\u00e3o s\u00e3o\nimprescind\u00edveis para o sucesso nessa \u00e1rea atualmente, especialmente entre as\nempresas que lidam com tecnologia da informa\u00e7\u00e3o, desenvolvimento de softwares e\ninternet.\n\nAproveite o ano novo para reavaliar seus\nobjetivos profissionais, buscar oportunidades de trabalho e come\u00e7ar sua\ntrajet\u00f3ria em uma carreira promissora. E n\u00e3o se esque\u00e7a de realizar o seu\nregistro&nbsp;profissional no Core do seu Estado&nbsp;para atuar legalmente,\ngarantir seu reconhecimento e direitos.\n\n\n\n<\/p>\n","protected":false},"excerpt":{"rendered":"<p> Segundo o levantamento realizado pelo LinkedIn, o Representante Comercial est\u00e1 entre as 3 profiss\u00f5es mais bem colocadas no ranking que lista as 15 carreiras em alta para este ano.<\/p>\n","protected":false},"author":3,"featured_media":2178,"comment_status":"closed","ping_status":"open","sticky":false,"template":"","format":"standard","meta":[],"categories":[34],"tags":[],"_links":{"self":[{"href":"https:\/\/www.confere.org.br\/wordpress\/wp-json\/wp\/v2\/posts\/2174"}],"collection":[{"href":"https:\/\/www.confere.org.br\/wordpress\/wp-json\/wp\/v2\/posts"}],"about":[{"href":"https:\/\/www.confere.org.br\/wordpress\/wp-json\/wp\/v2\/types\/post"}],"author":[{"embeddable":true,"href":"https:\/\/www.confere.org.br\/wordpress\/wp-json\/wp\/v2\/users\/3"}],"replies":[{"embeddable":true,"href":"https:\/\/www.confere.org.br\/wordpress\/wp-json\/wp\/v2\/comments?post=2174"}],"version-history":[{"count":1,"href":"https:\/\/www.confere.org.br\/wordpress\/wp-json\/wp\/v2\/posts\/2174\/revisions"}],"predecessor-version":[{"id":2175,"href":"https:\/\/www.confere.org.br\/wordpress\/wp-json\/wp\/v2\/posts\/2174\/revisions\/2175"}],"wp:featuredmedia":[{"embeddable":true,"href":"https:\/\/www.confere.org.br\/wordpress\/wp-json\/wp\/v2\/media\/2178"}],"wp:attachment":[{"href":"https:\/\/www.confere.org.br\/wordpress\/wp-json\/wp\/v2\/media?parent=2174"}],"wp:term":[{"taxonomy":"category","embeddable":true,"href":"https:\/\/www.confere.org.br\/wordpress\/wp-json\/wp\/v2\/categories?post=2174"},{"taxonomy":"post_tag","embeddable":true,"href":"https:\/\/www.confere.org.br\/wordpress\/wp-json\/wp\/v2\/tags?post=2174"}],"curies":[{"name":"wp","href":"https:\/\/api.w.org\/{rel}","templated":true}]}}