{"id":2196,"date":"2020-01-17T10:40:57","date_gmt":"2020-01-17T12:40:57","guid":{"rendered":"http:\/\/www.confere.org.br\/wordpress\/?p=2196"},"modified":"2020-01-17T10:42:21","modified_gmt":"2020-01-17T12:42:21","slug":"diretoria-do-core-se-e-reeleita-e-empossada","status":"publish","type":"post","link":"https:\/\/www.confere.org.br\/wordpress\/diretoria-do-core-se-e-reeleita-e-empossada\/","title":{"rendered":"Diretoria do Core-SE \u00e9 reeleita e empossada"},"content":{"rendered":"\n<p style=\"font-size:15.5px\">Diretoria do Core-SE e dirigentes do Sistema Confere\/Cores<\/p>\n\n\n\n<p><br>Em breve discurso, o diretor-presidente do Core-SE, Emerson Natal Almeida de Sousa agradeceu aos representantes comerciais do Estado de Sergipe, pela confian\u00e7a renovada, lembrou aqueles que deram in\u00edcio \u00e0 entidade, prometeu zelar por uma gest\u00e3o eficiente e transparente, pautada nos interesses da categoria.<\/p>\n\n\n\n<p>Para o diretor-presidente do Confere, Manoel Affonso Mendes,\na recondu\u00e7\u00e3o da Diretoria vai permitir a manuten\u00e7\u00e3o das a\u00e7\u00f5es do mandato\nanterior. \u201cFico feliz em ver a sinergia entre a Diretoria e os funcion\u00e1rios do\nCore-SE, envolvidos para o bom andamento dos trabalhos que ser\u00e3o realizados. O\npresidente Emerson e sua Diretoria escreveram uma nova hist\u00f3ria no Core-SE\u201d.<\/p>\n\n\n\n<p>A solenidade contou com a presen\u00e7a do presidente da\nFecom\u00e9rcio-SE e deputado federal, La\u00e9rcio Oliveira, e diversos dirigentes do\nSistema Confere\/Cores. <\/p>\n\n\n\n<p>Mais informa\u00e7\u00f5es e fotos na pr\u00f3xima edi\u00e7\u00e3o da revista do\nConfere.<\/p>\n","protected":false},"excerpt":{"rendered":"<p>A diretoria do Core-SE foi empossada nesta quinta-feira, dia 16 de janeiro, para novo mandato \u00e0 frente da Entidade, tri\u00eanio 2020\/2023. O pleito que os elegeram foi realizado no dia 28 de novembro de 2019.<\/p>\n","protected":false},"author":3,"featured_media":2197,"comment_status":"closed","ping_status":"open","sticky":false,"template":"","format":"standard","meta":[],"categories":[34,49],"tags":[],"_links":{"self":[{"href":"https:\/\/www.confere.org.br\/wordpress\/wp-json\/wp\/v2\/posts\/2196"}],"collection":[{"href":"https:\/\/www.confere.org.br\/wordpress\/wp-json\/wp\/v2\/posts"}],"about":[{"href":"https:\/\/www.confere.org.br\/wordpress\/wp-json\/wp\/v2\/types\/post"}],"author":[{"embeddable":true,"href":"https:\/\/www.confere.org.br\/wordpress\/wp-json\/wp\/v2\/users\/3"}],"replies":[{"embeddable":true,"href":"https:\/\/www.confere.org.br\/wordpress\/wp-json\/wp\/v2\/comments?post=2196"}],"version-history":[{"count":2,"href":"https:\/\/www.confere.org.br\/wordpress\/wp-json\/wp\/v2\/posts\/2196\/revisions"}],"predecessor-version":[{"id":2199,"href":"https:\/\/www.confere.org.br\/wordpress\/wp-json\/wp\/v2\/posts\/2196\/revisions\/2199"}],"wp:featuredmedia":[{"embeddable":true,"href":"https:\/\/www.confere.org.br\/wordpress\/wp-json\/wp\/v2\/media\/2197"}],"wp:attachment":[{"href":"https:\/\/www.confere.org.br\/wordpress\/wp-json\/wp\/v2\/media?parent=2196"}],"wp:term":[{"taxonomy":"category","embeddable":true,"href":"https:\/\/www.confere.org.br\/wordpress\/wp-json\/wp\/v2\/categories?post=2196"},{"taxonomy":"post_tag","embeddable":true,"href":"https:\/\/www.confere.org.br\/wordpress\/wp-json\/wp\/v2\/tags?post=2196"}],"curies":[{"name":"wp","href":"https:\/\/api.w.org\/{rel}","templated":true}]}}