{"id":2216,"date":"2020-01-21T10:43:25","date_gmt":"2020-01-21T12:43:25","guid":{"rendered":"http:\/\/www.confere.org.br\/wordpress\/?p=2216"},"modified":"2020-01-21T10:44:57","modified_gmt":"2020-01-21T12:44:57","slug":"ir-2020-veja-quais-documentos-necessarios-para-fazer-a-declaracao","status":"publish","type":"post","link":"https:\/\/www.confere.org.br\/wordpress\/ir-2020-veja-quais-documentos-necessarios-para-fazer-a-declaracao\/","title":{"rendered":"IR 2020: Veja quais documentos necess\u00e1rios para fazer a declara\u00e7\u00e3o"},"content":{"rendered":"\n<p>O governo dever\u00e1 divulgar o &#8220;Pergunt\u00e3o&#8221; \u2014 guia com perguntas e respostas para esclarecer d\u00favidas sobre a presta\u00e7\u00e3o de contas \u2014 apenas em meados de fevereiro. No entanto, de acordo com o supervisor nacional de Imposto de Renda, Joaquim Adir Vinhas Figueiredo, os valores dos rendimentos sujeitos ao ajuste na declara\u00e7\u00e3o devem permanecer inalterados.<br><\/p>\n\n\n\n<p>Dessa forma, quem recebeu no ano de 2019 at\u00e9 R$ 28.559,70 em rendimentos tribut\u00e1veis n\u00e3o vai precisar fazer a declara\u00e7\u00e3o. O mesmo valer\u00e1 para quem recebeu at\u00e9 R$ 40 mil em rendimentos isentos, n\u00e3o tribut\u00e1veis ou tributados exclusivamente na fonte. Do contr\u00e1rio, ser\u00e1 preciso fazer o ajuste com a Receita.<br><\/p>\n\n\n\n<p>Tamb\u00e9m estar\u00e3o obrigados a declarar seus rendimentos aqueles que venderam algum bem, como carro ou casa; que realizaram opera\u00e7\u00f5es na bolsa de valores, de mercadorias, de futuro, entre outras; e tiveram, com isso, ganho de capital em qualquer m\u00eas do ano passado; ou que tinham, em 31 de dezembro de 2019, alguma propriedade (im\u00f3vel ou terra nua) avaliada em mais de R$ 300 mil.<br><\/p>\n\n\n\n<p><br><strong>Veja os documentos necess\u00e1rios para o IRPF 2020:<\/strong><br><\/p>\n\n\n\n<p><strong>Renda<\/strong><\/p>\n\n\n\n<p>\u2022 Informes de rendimentos de sal\u00e1rios, aposentadoria, pens\u00e3o etc.<\/p>\n\n\n\n<p>\u2022 Informes de rendimentos de institui\u00e7\u00f5es financeiras, inclusive corretora de valores<\/p>\n\n\n\n<p>\u2022 Informes de rendimentos recebidos provenientes de alugu\u00e9is de bens m\u00f3veis e im\u00f3veis recebidos de jur\u00eddicas<\/p>\n\n\n\n<p>\u2022 Informa\u00e7\u00f5es e documentos de outras rendas, como pens\u00e3o aliment\u00edcia, doa\u00e7\u00f5es e heran\u00e7as recebida no ano, dentre outras<\/p>\n\n\n\n<p>\u2022 Resumo mensal do livro caixa com mem\u00f3ria de c\u00e1lculo do carn\u00ea-le\u00e3o; DARFs de carn\u00ea-le\u00e3o<br><br><\/p>\n\n\n\n<p><strong>Bens e direitos<\/strong><br>\u2022 Documentos que comprovem a compra e venda de bens e direitos<\/p>\n\n\n\n<p>\u2022 C\u00f3pia da matr\u00edcula do im\u00f3vel e\/ou escritura de compra e venda<\/p>\n\n\n\n<p>\u2022 Boleto do IPTU de 2019<\/p>\n\n\n\n<p>\u2022 Documentos que comprovem a posi\u00e7\u00e3o acion\u00e1ria de cada empresa, se houver<br><br><\/p>\n\n\n\n<p><strong>D\u00edvidas e \u00f4nus<\/strong><br>\u2022 Informa\u00e7\u00f5es e documentos de d\u00edvida e \u00f4nus contra\u00eddos e\/ou pagos no per\u00edodo<br><br><\/p>\n\n\n\n<p><strong>Renda vari\u00e1vel<\/strong><br>\u2022 Controle de compra e venda de a\u00e7\u00f5es, inclusive com a apura\u00e7\u00e3o mensal de imposto<\/p>\n\n\n\n<p>\u2022 DARFs de renda vari\u00e1vel<\/p>\n\n\n\n<p>\u2022 Informes de rendimento auferido em renda vari\u00e1vel<br><br><\/p>\n\n\n\n<p><strong>Pagamentos e doa\u00e7\u00f5es efetuados<\/strong><br>\u2022 Recibos de pagamentos ou informe de rendimento de plano ou seguro sa\u00fade (com CNPJ da empresa emissora e indica\u00e7\u00e3o do paciente)<\/p>\n\n\n\n<p>\u2022 Despesas m\u00e9dicas e odontol\u00f3gicas em geral (com CNPJ da empresa emissora ou CPF do profissional, com indica\u00e7\u00e3o do paciente)<\/p>\n\n\n\n<p>\u2022 Comprovantes de despesas com educa\u00e7\u00e3o (com CNPJ da empresa emissora com indica\u00e7\u00e3o do aluno)<\/p>\n\n\n\n<p>\u2022 Comprovante de pagamento de Previd\u00eancia Social e previd\u00eancia privada (com CNPJ da empresa emissora)<\/p>\n\n\n\n<p>\u2022 Recibos de doa\u00e7\u00f5es efetuadas<\/p>\n\n\n\n<p>\u2022 Comprovantes oficiais de pagamento a candidato pol\u00edtico<\/p>\n\n\n\n<p>\u2022 Comprovante de pagamento de pens\u00e3o aliment\u00edcia em decorr\u00eancia de decis\u00e3o judicial por alimentando<br><br><\/p>\n\n\n\n<p><strong>Mudan\u00e7a nas dedu\u00e7\u00f5es<\/strong><br>Em junho do ano passado, um estudo do Minist\u00e9rio da Economia sugeriu o fim das dedu\u00e7\u00f5es m\u00e9dicas e educacionais do Imposto de Renda da Pessoa F\u00edsica (IRPF), usadas para reduzir o valor do imposto devido ou aumentar o montante a ser recebido na hora da restitui\u00e7\u00e3o, caso o contribuinte tenha pago mais impostos do que deveria. O objetivo \u00e9 aumentar a arrecada\u00e7\u00e3o do governo. No lugar do benef\u00edcio, o governo sugeriu o corte das al\u00edquotas do IRPF em 8%.<\/p>\n\n\n\n<p>Para defender a mudan\u00e7a, o ministro da Economia, Paulo Guedes, argumentou que esse benef\u00edcio acaba sendo utilizado apenas para os contribuintes de maior poder aquisitivo, aumentando a desigualdade. Entretanto, nada ficou decidido.<\/p>\n\n\n\n<p>A altera\u00e7\u00e3o j\u00e1 determinada para este ano \u00e9 o fim da dedu\u00e7\u00e3o dos gastos com a Previd\u00eancia dos empregados dom\u00e9sticos, permitida at\u00e9 ano passado com limite em R$ 1.200. Esse abatimento foi determinado por lei, em 2006, durante o governo Lula, como forma de incentivo \u00e0 contrata\u00e7\u00e3o com carteira assinada. Com o fim do benef\u00edcio, a expectativa \u00e9 que a arrecada\u00e7\u00e3o do governo aumente cerca de R$ 700 milh\u00f5es.<\/p>\n\n\n\n<p><br>Fonte: www.extra.globo.com\/<\/p>\n","protected":false},"excerpt":{"rendered":"<p>O ano mal come\u00e7ou, mas j\u00e1 \u00e9 hora de come\u00e7ar a reunir os documentos para acertar as contas com o Le\u00e3o. Isso porque quanto antes fizer a declara\u00e7\u00e3o do Imposto de Renda 2020, mais cedo o contribuinte receber\u00e1 a restitui\u00e7\u00e3o do valor pago a mais, se esse for o caso. Informes de rendimentos, extratos banc\u00e1rios e recibos de compra e venda de im\u00f3veis e de despesas m\u00e9dicas devem ser apresentados \u00e0 Receita Federal, caso seja encontrada alguma inconsist\u00eancia.<\/p>\n","protected":false},"author":3,"featured_media":2218,"comment_status":"closed","ping_status":"open","sticky":false,"template":"","format":"standard","meta":[],"categories":[2],"tags":[],"_links":{"self":[{"href":"https:\/\/www.confere.org.br\/wordpress\/wp-json\/wp\/v2\/posts\/2216"}],"collection":[{"href":"https:\/\/www.confere.org.br\/wordpress\/wp-json\/wp\/v2\/posts"}],"about":[{"href":"https:\/\/www.confere.org.br\/wordpress\/wp-json\/wp\/v2\/types\/post"}],"author":[{"embeddable":true,"href":"https:\/\/www.confere.org.br\/wordpress\/wp-json\/wp\/v2\/users\/3"}],"replies":[{"embeddable":true,"href":"https:\/\/www.confere.org.br\/wordpress\/wp-json\/wp\/v2\/comments?post=2216"}],"version-history":[{"count":3,"href":"https:\/\/www.confere.org.br\/wordpress\/wp-json\/wp\/v2\/posts\/2216\/revisions"}],"predecessor-version":[{"id":2224,"href":"https:\/\/www.confere.org.br\/wordpress\/wp-json\/wp\/v2\/posts\/2216\/revisions\/2224"}],"wp:featuredmedia":[{"embeddable":true,"href":"https:\/\/www.confere.org.br\/wordpress\/wp-json\/wp\/v2\/media\/2218"}],"wp:attachment":[{"href":"https:\/\/www.confere.org.br\/wordpress\/wp-json\/wp\/v2\/media?parent=2216"}],"wp:term":[{"taxonomy":"category","embeddable":true,"href":"https:\/\/www.confere.org.br\/wordpress\/wp-json\/wp\/v2\/categories?post=2216"},{"taxonomy":"post_tag","embeddable":true,"href":"https:\/\/www.confere.org.br\/wordpress\/wp-json\/wp\/v2\/tags?post=2216"}],"curies":[{"name":"wp","href":"https:\/\/api.w.org\/{rel}","templated":true}]}}