{"id":2234,"date":"2020-01-24T11:01:18","date_gmt":"2020-01-24T13:01:18","guid":{"rendered":"http:\/\/www.confere.org.br\/wordpress\/?p=2234"},"modified":"2020-01-24T14:40:21","modified_gmt":"2020-01-24T16:40:21","slug":"familias-compram-mais-mas-melhora-consistente-do-consumo-depende-do-mercado-de-trabalho","status":"publish","type":"post","link":"https:\/\/www.confere.org.br\/wordpress\/familias-compram-mais-mas-melhora-consistente-do-consumo-depende-do-mercado-de-trabalho\/","title":{"rendered":"Fam\u00edlias compram mais, mas melhora consistente do consumo depende do mercado de trabalho"},"content":{"rendered":"\n<p>Num movimento ainda t\u00edmido, as fam\u00edlias brasileiras come\u00e7am a superar os estragos provocados pela crise econ\u00f4mica e a retomar lentamente h\u00e1bitos de consumo que foram deixados de lado nos \u00faltimos anos.<\/p>\n\n\n\n<p>Mas o quadro atual ainda est\u00e1 distante do &#8216;boom&#8217; de consumo vivido pelas fam\u00edlias no in\u00edcio dos anos 2000 e uma melhora mais consistente deve se concretizar apenas com a retomada mais forte do mercado formal de trabalho.<\/p>\n\n\n\n<p>O consumo das fam\u00edlias foi um dos motores da atividade econ\u00f4mica no ano passado \u2013 impulsionado pela libera\u00e7\u00e3o de recursos do Fundo de Garantia do Tempo de Servi\u00e7o (<a href=\"https:\/\/g1.globo.com\/tudo-sobre\/fgts\/\">FGTS<\/a>) \u2013 e deve seguir com esse papel. No bi\u00eanio de 2019 e 2020, a expectativa \u00e9 que o consumo cres\u00e7a entre 2% e 2,5% em cada ano, segundo bancos e consultorias consultados pelo&nbsp;<strong>G1<\/strong>.<\/p>\n\n\n\n<p>&#8220;Nos principais indicadores, j\u00e1 h\u00e1 uma trajet\u00f3ria de recupera\u00e7\u00e3o do consumo&#8221;, afirma Alessandra Ribeiro, economista e s\u00f3cia da consultoria Tend\u00eancias. &#8220;O&nbsp;<a href=\"https:\/\/g1.globo.com\/economia\/noticia\/2019\/12\/03\/pib-do-brasil-cresce-06percent-no-3o-trimestre-diz-ibge.ghtml\">desempenho do consumo dentro do PIB<\/a>&nbsp;deixa evidente essa recupera\u00e7\u00e3o.&#8221;<\/p>\n\n\n\n<ul><li><a href=\"https:\/\/g1.globo.com\/economia\/noticia\/2019\/12\/03\/pib-do-brasil-cresce-06percent-no-3o-trimestre-diz-ibge.ghtml\">PIB do Brasil cresce 0,6% no 3\u00ba trimestre, puxado pelo consumo das fam\u00edlias<\/a><\/li><\/ul>\n\n\n\n<p>Uma s\u00e9rie de fatores tem contribu\u00eddo para que os brasileiros comprem mais: os juros est\u00e3o mais baixos, h\u00e1 um avan\u00e7o acelerado do cr\u00e9dito para pessoa f\u00edsica e o mercado de trabalho d\u00e1 sinais de melhora, embora ainda t\u00edmido e calcado na informalidade.<\/p>\n\n\n\n<blockquote class=\"wp-block-quote\"><p>&#8220;Um dos principais est\u00edmulos para o consumo \u00e9 o cr\u00e9dito para pessoa f\u00edsica, que j\u00e1 cresce a dois d\u00edgitos. No varejo, os segmentos sens\u00edveis ao cr\u00e9dito j\u00e1 crescem mais de 10%&#8221;, diz Luka Barbosa, economista do banco Ita\u00fa.<\/p><\/blockquote>\n\n\n\n<ul><li><a href=\"https:\/\/g1.globo.com\/economia\/noticia\/2019\/11\/13\/credito-tem-maior-crescimento-desde-2012-e-ajuda-no-consumo-das-familias.ghtml\">Cr\u00e9dito tem maior crescimento desde 2012 e ajuda no consumo das fam\u00edlias<\/a><\/li><\/ul>\n\n\n\n<p>Em 2020, essa combina\u00e7\u00e3o ainda deve ser favorecida pela melhor composi\u00e7\u00e3o do emprego no pa\u00eds, com um aumento da formaliza\u00e7\u00e3o. O Ita\u00fa, por exemplo, projeta que neste ano ser\u00e3o criados 881 mil empregos formais no pa\u00eds \u2013 n\u00famero pr\u00f3ximo ao da consultoria LCA, que&nbsp;<a href=\"https:\/\/g1.globo.com\/economia\/concursos-e-emprego\/noticia\/2020\/01\/12\/trabalhadores-com-ensino-superior-sao-os-que-mais-demoram-para-voltar-ao-mercado.ghtml\">espera cerca de 800 mil novas vagas<\/a>&nbsp;no ano. Para 2019, o banco estima que a abertura de postos com carteira de trabalho assinada tenha sido de 553 mil \u2013 os dados oficiais ainda n\u00e3o foram divulgados.<\/p>\n\n\n\n<p>Os sinais de melhora do consumo come\u00e7aram a ficar evidentes e a se espalhar por todo o pa\u00eds no segundo semestre do ano passado, segundo um monitoramento feito pela Kantar. No trimestre encerrado em novembro, houve aumento no com\u00e9rcio de todas as cestas e categorias de produtos. O destaque ficou para o setor de bebidas e perec\u00edveis.<\/p>\n\n\n\n<p>No mesmo per\u00edodo, as vendas tamb\u00e9m cresceram em toda as classes econ\u00f4micas e regi\u00f5es do pa\u00eds. &#8220;\u00c9 uma melhora que n\u00e3o est\u00e1 restrita s\u00f3 em um grupo, o que mostra uma clara tend\u00eancia de recupera\u00e7\u00e3o&#8221;, diz Ana Sim\u00f5es, gerente de contas da Kantar.<\/p>\n\n\n\n<p>A expectativa de melhora no varejo em 2020 j\u00e1 movimentou o neg\u00f3cio das irm\u00e3s Amanda Aparecida dos Santos, 25, e Andressa Carolina dos Santos, 17, que t\u00eam uma confec\u00e7\u00e3o em S\u00e3o Jos\u00e9 dos Campos. Para elas, 2019 n\u00e3o foi de muitas vendas, mas os pedidos cresceram neste come\u00e7o de ano e as duas foram at\u00e9 a rua 25 de mar\u00e7o, em S\u00e3o Paulo, comprar mat\u00e9ria-prima para abastecer a produ\u00e7\u00e3o.<\/p>\n\n\n\n<blockquote class=\"wp-block-quote\"><p>&#8220;A gente teve que segurar muita coisa no ano passado porque foi muito dif\u00edcil. Este ano a gente est\u00e1 come\u00e7ando melhor, a procura aumentou uns 30%&#8221;, conta Amanda.<\/p><\/blockquote>\n\n\n\n<h2>Cautela predomina<\/h2>\n\n\n\n<p>Embora o quadro atual aponte para uma retomada do consumo, uma s\u00e9rie de riscos ainda pairam sobre a economia brasileira e podem minar a melhora do or\u00e7amento das fam\u00edlias. Boa parte dos brasileiros, sobretudo os mais pobres, ainda tem uma consider\u00e1vel parcela da renda comprometida com d\u00edvidas.<\/p>\n\n\n\n<p>O indicador de estresse financeiro das fam\u00edlias, medido pelo Instituto Brasileiro de Economia da Funda\u00e7\u00e3o Get\u00falio Vargas (Ibre\/FGV), ajuda a entender o quadro de cautela que ainda paira sobre brasileiros. Ele consiste na soma da propor\u00e7\u00e3o de fam\u00edlias que usam algum tipo de poupan\u00e7a para quitar despesas correntes e daquelas que dizem estar endividadas.<\/p>\n\n\n\n<p>Nos \u00faltimos meses, esse \u00edndice deu algum sinal de melhora, mas continua acima dos 20 pontos, um patamar ainda considerado alto pelo Ibre. Em dezembro, na \u00faltima leitura dispon\u00edvel, ficou em 22,2 pontos. No mesmo m\u00eas de 2018, estava em 23,3 pontos. Em junho de 2016, no auge da recess\u00e3o, chegou a 28,2 pontos.<\/p>\n\n\n\n<p>No m\u00eas passado, 13,1% dos brasileiros estavam usando algum tipo de poupan\u00e7a para quitar despesas e 9,1% afirmaram estar endividados.<\/p>\n\n\n\n<p> &#8220;H\u00e1 ainda bastante gente com a situa\u00e7\u00e3o financeira comprometida e endividada, principalmente nas rendas mais baixas&#8221;, diz Viviane Seda, pesquisadora do Ibre\/FGV. &#8220;Uma melhora s\u00f3 vem com o mercado de trabalho. H\u00e1 uma cautela muito grande. Existem muitas pessoas dentro das fam\u00edlias que ainda est\u00e3o sem emprego.&#8221; <\/p>\n\n\n\n<h2>&#8216;Ano dif\u00edcil&#8217;<\/h2>\n\n\n\n<p>Maria de Jesus Castro, 58, tem carteira assinada, mas ainda luta para equilibrar o or\u00e7amento. Sem emprego formal, ela trabalhou por dois anos como motorista de aplicativo at\u00e9 conseguir uma vaga de dom\u00e9stica no fim de 2018. Ela conta que 2019 foi um ano dif\u00edcil, de quitar d\u00edvidas e organizar as finan\u00e7as.<\/p>\n\n\n\n<blockquote class=\"wp-block-quote\"><p>&#8220;Tive que me segurar um pouco para deixar as contas em dia, pagar o aluguel. Agora as coisas est\u00e3o melhorando. Em ordem, 100%, ainda n\u00e3o est\u00e3o. Voc\u00ea come\u00e7a devendo pequeno e o banco cresce, faz uma d\u00edvida alta. A gente tenta renegociar, mas a verdade \u00e9 que as pessoas [no pa\u00eds] ainda est\u00e3o na corda bamba.&#8221;<\/p><\/blockquote>\n\n\n\n<h2>Inadimpl\u00eancia alta, mas em queda<\/h2>\n\n\n\n<p>Apesar de ainda alto, o \u00edndice de inadimpl\u00eancia medido pelo Servi\u00e7o de Prote\u00e7\u00e3o ao Cr\u00e9dito (SPC Brasil) vem desacelerando e, em novembro, caiu pela primeira vez em dois anos. Em dezembro,&nbsp;<a href=\"https:\/\/g1.globo.com\/economia\/noticia\/2020\/01\/16\/inadimplencia-cai-pelo-2o-mes-seguido-mas-ainda-atinge-61-milhoes-de-brasileiros.ghtml\">veio uma nova redu\u00e7\u00e3o<\/a>. Para a economista da entidade, Marcela Kawauti, isso indica uma melhora mais estrutural da economia, ainda que lenta.<\/p>\n\n\n\n<p>&#8220;No terceiro trimestre tivemos impulsos pontuais, como os saques do FGTS, que injetaram dinheiro na economia, e tamb\u00e9m muitos feir\u00f5es [de renegocia\u00e7\u00e3o de d\u00edvidas], mas tem uma quest\u00e3o mais perene por tr\u00e1s dessa redu\u00e7\u00e3o da inadimpl\u00eancia, que \u00e9 a rea\u00e7\u00e3o do mercado de trabalho. N\u00e3o fosse isso, n\u00e3o ver\u00edamos essa invers\u00e3o [na curva do \u00edndice de contas atrasadas].&#8221;<\/p>\n\n\n\n<p>Marcela destaca que o fato de o \u00edndice de atrasos estar caindo d\u00e1 um &#8220;vi\u00e9s positivo&#8221; para o crescimento do pa\u00eds em 2020.<\/p>\n\n\n\n<p>&#8220;A inadimpl\u00eancia funciona como uma \u00e2ncora na recupera\u00e7\u00e3o econ\u00f4mica. Com a volta do emprego, o consumidor tem a renda recomposta, mas precisa pagar o que est\u00e1 devendo para voltar consumir. Ela \u00e9 um intermedi\u00e1rio entre a recupera\u00e7\u00e3o do mercado de trabalho e a recupera\u00e7\u00e3o do consumo, por isso a perspectiva \u00e9 positiva.&#8221;<\/p>\n\n\n\n<p>Desempregada, a auxiliar de limpeza Simone Batista, de 47 anos, faz &#8220;bico&#8221; cuidando de um senhor idoso para conseguir pagar as contas e espera conseguir um trabalho com carteira assinada em 2020.<\/p>\n\n\n\n<p>&#8220;Ano passado foi p\u00e9ssimo, passei o ano todo desempregada, deixei de comprar muita coisa. Imagina todo dia a pessoa batendo na sua porta querendo receber e voc\u00ea n\u00e3o ter pra pagar? Espero que 2020 seja melhor, que eu consiga um emprego.&#8221;<\/p>\n\n\n\n<h2>Consumo e o peso no PIB<\/h2>\n\n\n\n<p>O desempenho do consumo das fam\u00edlias \u00e9 importante porque ele representa uma grande fatia na composi\u00e7\u00e3o do Produto Interno Bruto (PIB), cerca de 65%.<\/p>\n\n\n\n<p>No ano passado, com os n\u00fameros da economia decepcionando, o governo decidiu liberar parte dos recursos do FGTS para tentar estimular a economia. A medida n\u00e3o \u00e9 nova e foi adotada durante a gest\u00e3o do ex-presidente Michel Temer em 2017, quando o PIB tamb\u00e9m crescia menos do que o esperado.<\/p>\n\n\n\n<p>Na proje\u00e7\u00e3o Santander, os recursos do FGTS devem ser respons\u00e1veis por metade do crescimento de 0,8% esperado para o consumo no quarto trimestre.<\/p>\n\n\n\n<p>&#8220;O FGTS dar\u00e1 um est\u00edmulo no quatro trimestre, mas deve haver alguma ressaca (no consumo) dado o efeito tempor\u00e1rio na renda&#8221;, afirma Lucas Nobrega, economista do banco Santander.<\/p>\n\n\n\n<p>O Santander estima que o consumo tenha avan\u00e7ado 2,3% no ano passado e cres\u00e7a 2,5% em 2020.<\/p>\n\n\n\n<p><br><br>Fonte: www.g1.globo.com<\/p>\n\n\n\n<p><br><\/p>\n","protected":false},"excerpt":{"rendered":"<p>Brasileiros ajustam or\u00e7amento e come\u00e7am a superar estragos da crise, mas inadimpl\u00eancia ainda est\u00e1 alta e emprego reage lentamente e com base na informalidade.<\/p>\n","protected":false},"author":3,"featured_media":2250,"comment_status":"closed","ping_status":"open","sticky":false,"template":"","format":"standard","meta":[],"categories":[2],"tags":[],"_links":{"self":[{"href":"https:\/\/www.confere.org.br\/wordpress\/wp-json\/wp\/v2\/posts\/2234"}],"collection":[{"href":"https:\/\/www.confere.org.br\/wordpress\/wp-json\/wp\/v2\/posts"}],"about":[{"href":"https:\/\/www.confere.org.br\/wordpress\/wp-json\/wp\/v2\/types\/post"}],"author":[{"embeddable":true,"href":"https:\/\/www.confere.org.br\/wordpress\/wp-json\/wp\/v2\/users\/3"}],"replies":[{"embeddable":true,"href":"https:\/\/www.confere.org.br\/wordpress\/wp-json\/wp\/v2\/comments?post=2234"}],"version-history":[{"count":3,"href":"https:\/\/www.confere.org.br\/wordpress\/wp-json\/wp\/v2\/posts\/2234\/revisions"}],"predecessor-version":[{"id":2247,"href":"https:\/\/www.confere.org.br\/wordpress\/wp-json\/wp\/v2\/posts\/2234\/revisions\/2247"}],"wp:featuredmedia":[{"embeddable":true,"href":"https:\/\/www.confere.org.br\/wordpress\/wp-json\/wp\/v2\/media\/2250"}],"wp:attachment":[{"href":"https:\/\/www.confere.org.br\/wordpress\/wp-json\/wp\/v2\/media?parent=2234"}],"wp:term":[{"taxonomy":"category","embeddable":true,"href":"https:\/\/www.confere.org.br\/wordpress\/wp-json\/wp\/v2\/categories?post=2234"},{"taxonomy":"post_tag","embeddable":true,"href":"https:\/\/www.confere.org.br\/wordpress\/wp-json\/wp\/v2\/tags?post=2234"}],"curies":[{"name":"wp","href":"https:\/\/api.w.org\/{rel}","templated":true}]}}