{"id":2238,"date":"2020-01-24T11:05:15","date_gmt":"2020-01-24T13:05:15","guid":{"rendered":"http:\/\/www.confere.org.br\/wordpress\/?p=2238"},"modified":"2020-01-24T11:36:23","modified_gmt":"2020-01-24T13:36:23","slug":"confianca-do-consumidor-cai-em-janeiro-aponta-fgv","status":"publish","type":"post","link":"https:\/\/www.confere.org.br\/wordpress\/confianca-do-consumidor-cai-em-janeiro-aponta-fgv\/","title":{"rendered":"Confian\u00e7a do consumidor cai em janeiro, aponta FGV"},"content":{"rendered":"\n<p>A confian\u00e7a do consumidor recuou em janeiro, segundo indicador da Funda\u00e7\u00e3o Getulio Vargas (FGV). O \u00cdndice de Confian\u00e7a do Consumidor (ICC) recuou 1,2 ponto 90,4 pontos.<\/p>\n\n\n\n<p>Em dezembro, o \u00edndice tinha registrado alta de 2,7 pontos, alcan\u00e7ando 91,6 pontos, o&nbsp;<a href=\"https:\/\/g1.globo.com\/economia\/noticia\/2019\/12\/20\/confianca-do-consumidor-alcanca-maior-nivel-desde-fevereiro-aponta-fgv.ghtml\">maior n\u00edvel desde fevereiro de 2019<\/a>.<\/p>\n\n\n\n<p>Apesar do recuro em janeiro, em m\u00e9dias m\u00f3veis trimestrais, o \u00edndice subiu 0,3 ponto.<\/p>\n\n\n\n<p>\u201cH\u00e1 uma percep\u00e7\u00e3o de piora da situa\u00e7\u00e3o financeira familiar principalmente para os consumidores com menor poder aquisitivo, que pode estar relacionada \u00e0 press\u00e3o recente nos pre\u00e7os de alimentos. Em rela\u00e7\u00e3o ao futuro, houve redu\u00e7\u00e3o do \u00edmpeto de compras de dur\u00e1veis, tend\u00eancia que pode implicar num efeito redutor sobre o consumo nos pr\u00f3ximos meses, caso se mantenha. Para que a confian\u00e7a avance mais rapidamente, continua sendo necess\u00e1ria a acelera\u00e7\u00e3o da recupera\u00e7\u00e3o do mercado de trabalho e a redu\u00e7\u00e3o da incerteza que ainda se mant\u00e9m em n\u00edveis altos em termos hist\u00f3ricos\u201d, afirma Viviane Seda Bittencourt, Coordenadora das Sondagens.<\/p>\n\n\n\n<ul><li><a href=\"https:\/\/g1.globo.com\/economia\/noticia\/2020\/01\/24\/familias-compram-mais-mas-melhora-consistente-do-consumo-depende-do-mercado-de-trabalho.ghtml\">Fam\u00edlias compram mais, mas melhora consistente do consumo depende do mercado de trabalho<\/a><\/li><\/ul>\n\n\n\n<p> Em janeiro, tanto as avalia\u00e7\u00f5es sobre o presente quanto as expectativas em rela\u00e7\u00e3o aos pr\u00f3ximos meses pioraram. O \u00cdndice de Situa\u00e7\u00e3o Atual (ISA) diminuiu 0,9 ponto, para 78,7 pontos, a primeira queda ap\u00f3s duas altas consecutivas. J\u00e1 o \u00cdndice de Expectativas (IE) recuou 1,4 ponto, para 98,9 pontos, e exerceu a maior influ\u00eancia para a queda do \u00edndice geral no m\u00eas. <\/p>\n\n\n\n<p>Segundo a FGV, houve queda da confian\u00e7a para consumidores de todas as classes de renda, exceto para aqueles com renda familiar mensal entre R$ 2,1 mil e R$ 4,8 mil.<\/p>\n\n\n\n<p>A maior perda de confian\u00e7a veio dos consumidores de maior poder aquisitivo (renda familiar mensal superior a R$ 9,6 mil), cujo \u00edndice recuou 2,4 pontos influenciado pela redu\u00e7\u00e3o no \u00edmpeto de compra de bens dur\u00e1veis nos pr\u00f3ximos meses.<\/p>\n\n\n\n<p><br><br>Fonte: www.g1.globo.com<\/p>\n","protected":false},"excerpt":{"rendered":"<p>Segundo pesquisador, percep\u00e7\u00e3o de piora da situa\u00e7\u00e3o financeira familiar pode estar relacionada \u00e0 press\u00e3o recente dos pre\u00e7os de alimentos.<\/p>\n","protected":false},"author":3,"featured_media":2239,"comment_status":"closed","ping_status":"open","sticky":false,"template":"","format":"standard","meta":[],"categories":[2],"tags":[],"_links":{"self":[{"href":"https:\/\/www.confere.org.br\/wordpress\/wp-json\/wp\/v2\/posts\/2238"}],"collection":[{"href":"https:\/\/www.confere.org.br\/wordpress\/wp-json\/wp\/v2\/posts"}],"about":[{"href":"https:\/\/www.confere.org.br\/wordpress\/wp-json\/wp\/v2\/types\/post"}],"author":[{"embeddable":true,"href":"https:\/\/www.confere.org.br\/wordpress\/wp-json\/wp\/v2\/users\/3"}],"replies":[{"embeddable":true,"href":"https:\/\/www.confere.org.br\/wordpress\/wp-json\/wp\/v2\/comments?post=2238"}],"version-history":[{"count":3,"href":"https:\/\/www.confere.org.br\/wordpress\/wp-json\/wp\/v2\/posts\/2238\/revisions"}],"predecessor-version":[{"id":2248,"href":"https:\/\/www.confere.org.br\/wordpress\/wp-json\/wp\/v2\/posts\/2238\/revisions\/2248"}],"wp:featuredmedia":[{"embeddable":true,"href":"https:\/\/www.confere.org.br\/wordpress\/wp-json\/wp\/v2\/media\/2239"}],"wp:attachment":[{"href":"https:\/\/www.confere.org.br\/wordpress\/wp-json\/wp\/v2\/media?parent=2238"}],"wp:term":[{"taxonomy":"category","embeddable":true,"href":"https:\/\/www.confere.org.br\/wordpress\/wp-json\/wp\/v2\/categories?post=2238"},{"taxonomy":"post_tag","embeddable":true,"href":"https:\/\/www.confere.org.br\/wordpress\/wp-json\/wp\/v2\/tags?post=2238"}],"curies":[{"name":"wp","href":"https:\/\/api.w.org\/{rel}","templated":true}]}}