{"id":2241,"date":"2020-01-24T11:13:48","date_gmt":"2020-01-24T13:13:48","guid":{"rendered":"http:\/\/www.confere.org.br\/wordpress\/?p=2241"},"modified":"2020-01-24T11:36:36","modified_gmt":"2020-01-24T13:36:36","slug":"dolar-opera-em-alta-nesta-sexta-com-mercados-de-olho-no-exterior","status":"publish","type":"post","link":"https:\/\/www.confere.org.br\/wordpress\/dolar-opera-em-alta-nesta-sexta-com-mercados-de-olho-no-exterior\/","title":{"rendered":"D\u00f3lar opera em alta nesta sexta com mercados de olho no exterior"},"content":{"rendered":"\n<p>O d\u00f3lar opera em leve alta nesta sexta-feira (24), na contram\u00e3o do movimento de queda da v\u00e9spera, com os investidores ainda acompanhando os desdobramentos do&nbsp;<a href=\"https:\/\/g1.globo.com\/ciencia-e-saude\/noticia\/2020\/01\/23\/sobe-para-25-o-numero-de-mortos-por-coronavirus-com-mais-de-800-casos-na-china-diz-agencia-estatal-chinesa.ghtml\">coronav\u00edrus na China<\/a>.<\/p>\n\n\n\n<p>\u00c0s 09h39, a moeda norte-americana subia 0,43%, a R$ 4,1839.&nbsp;<a href=\"https:\/\/valor.globo.com\/valor-data\/\">Veja mais cota\u00e7\u00f5es.<\/a><\/p>\n\n\n\n<p>Na quinta (23), o d\u00f3lar caiu 0,23%, a R$ 4,1659. No ano, a moeda acumula alta de 3,89%.<\/p>\n\n\n\n<p>O n\u00famero de mortes devido ao coronav\u00edrus na China aumentou para 25, com 835 casos confirmados e 1.072 suspeitas, segundo informa\u00e7\u00f5es da ag\u00eancia estatal CGTN divulgadas na noite da quinta-feira (23).<\/p>\n\n\n\n<p>Na v\u00e9spera, a queda da moeda dos EUA foi amparada pela expectativa de fim dos cortes da taxa b\u00e1sica de juros do pa\u00eds (Selic), ap\u00f3s o resultado da pr\u00e9via da infla\u00e7\u00e3o de janeiro, apesar da cautela no exterior com a dissemina\u00e7\u00e3o do coronav\u00edrus.<\/p>\n\n\n\n<p><br><br>Fonte: www.g1.globo.com<\/p>\n","protected":false},"excerpt":{"rendered":"<p>Na quinta (23), moeda dos EUA encerrou o dia em baixa de 0,23%, vendida a R$ 4,1659.<\/p>\n","protected":false},"author":3,"featured_media":2242,"comment_status":"closed","ping_status":"open","sticky":false,"template":"","format":"standard","meta":[],"categories":[2],"tags":[],"_links":{"self":[{"href":"https:\/\/www.confere.org.br\/wordpress\/wp-json\/wp\/v2\/posts\/2241"}],"collection":[{"href":"https:\/\/www.confere.org.br\/wordpress\/wp-json\/wp\/v2\/posts"}],"about":[{"href":"https:\/\/www.confere.org.br\/wordpress\/wp-json\/wp\/v2\/types\/post"}],"author":[{"embeddable":true,"href":"https:\/\/www.confere.org.br\/wordpress\/wp-json\/wp\/v2\/users\/3"}],"replies":[{"embeddable":true,"href":"https:\/\/www.confere.org.br\/wordpress\/wp-json\/wp\/v2\/comments?post=2241"}],"version-history":[{"count":3,"href":"https:\/\/www.confere.org.br\/wordpress\/wp-json\/wp\/v2\/posts\/2241\/revisions"}],"predecessor-version":[{"id":2249,"href":"https:\/\/www.confere.org.br\/wordpress\/wp-json\/wp\/v2\/posts\/2241\/revisions\/2249"}],"wp:featuredmedia":[{"embeddable":true,"href":"https:\/\/www.confere.org.br\/wordpress\/wp-json\/wp\/v2\/media\/2242"}],"wp:attachment":[{"href":"https:\/\/www.confere.org.br\/wordpress\/wp-json\/wp\/v2\/media?parent=2241"}],"wp:term":[{"taxonomy":"category","embeddable":true,"href":"https:\/\/www.confere.org.br\/wordpress\/wp-json\/wp\/v2\/categories?post=2241"},{"taxonomy":"post_tag","embeddable":true,"href":"https:\/\/www.confere.org.br\/wordpress\/wp-json\/wp\/v2\/tags?post=2241"}],"curies":[{"name":"wp","href":"https:\/\/api.w.org\/{rel}","templated":true}]}}