{"id":2251,"date":"2020-01-29T15:19:32","date_gmt":"2020-01-29T17:19:32","guid":{"rendered":"http:\/\/www.confere.org.br\/wordpress\/?p=2251"},"modified":"2020-11-25T13:15:49","modified_gmt":"2020-11-25T15:15:49","slug":"eleicao-core-se-trienio-2019-2022-2","status":"publish","type":"post","link":"https:\/\/www.confere.org.br\/wordpress\/eleicao-core-se-trienio-2019-2022-2\/","title":{"rendered":"Elei\u00e7\u00e3o Core-CE &#8211; Tri\u00eanio 2020\/2023"},"content":{"rendered":"\n<p>1. Edital<br><a href=\"https:\/\/confere.org.br\/PDF\/ELEICAO_CORE_CE\/Edital%20de%20Convoca\u00e7\u00e3o%20Core_CE.pdf\">&#8211; Publicado no Di\u00e1rio Oficial da Uni\u00e3o em 28.01.2020<\/a><br><a href=\"https:\/\/confere.org.br\/PDF\/ELEICAO_CORE_CE\/Edital%20-%20Di\u00e1rio%20do%20Nordeste%2029-01.pdf\">&#8211; Publicado no &#8220;Di\u00e1rio do Nordeste&#8221; em 29.01.2020<\/a><\/p>\n\n\n\n<p><\/p>\n\n\n\n<p>2.&nbsp;<a href=\"https:\/\/confere.org.br\/PDF\/ELEICAO_CORE_CE\/1.REGULAMENTO%20ELEITORAL.pdf\" target=\"_blank\" rel=\"noreferrer noopener\" aria-label=\" (abre numa nova aba)\">Regulamento Eleitoral<\/a><\/p>\n\n\n\n<p><a href=\"https:\/\/confere.org.br\/PDF\/ELEICAO_CORE_CE\/2.REQUERIMENTO%20DE%20REGISTRO%20DE%20CHAPA%20CORE-CE.pdf\">3. Requerimento de Registro de Chapa<\/a><\/p>\n\n\n\n<p>4.<a href=\"https:\/\/confere.org.br\/PDF\/ELEICAO_CORE_CE\/FICHA%20DE%20QUALIFICA\u00c7\u00c3O%20-%20CORE-CE.pdf\">&nbsp;Ficha de Qualifica\u00e7\u00e3o<\/a><\/p>\n\n\n\n<p>5.<a href=\"https:\/\/confere.org.br\/PDF\/ELEICAO_CORE_CE\/DECLARA\u00c7\u00c3O%20DE%20AQUIESCENCIA%20CORE-CE.pdf\">&nbsp;Declara\u00e7\u00e3o de Aquiesc\u00eancia<\/a><\/p>\n\n\n\n<p>6. Resolu\u00e7\u00e3o n\u00ba 1.144\/2020 &#8211; Confere<br><a href=\"https:\/\/confere.org.br\/PDF\/ELEICAO_CORE_CE\/Resolu\u00e7\u00e3o%201144-2020.pdf\">&#8211; Publicado no Di\u00e1rio Oficial da Uni\u00e3o em 24.01.20<\/a><\/p>\n\n\n\n<p> 7. Aviso de Registro de Chapa<br><a href=\"https:\/\/www.confere.org.br\/wordpress\/wp-content\/uploads\/2020\/02\/Aviso-de-Registro-de-Chapa_DOU-18_02.pdf\">&#8211; Publicado no Di\u00e1rio Oficial da Uni\u00e3o em 18.02.2020<\/a> <br> <a href=\"https:\/\/www.confere.org.br\/wordpress\/wp-content\/uploads\/2020\/02\/Aviso-de-Registro-de-Chapa_Diario-do-Nordeste-18_02.pdf\">&#8211; Publicado no Jornal Di\u00e1rio do Nordeste em 18.02.2020<\/a> <\/p>\n\n\n<p><!--EndFragment--><\/p>","protected":false},"excerpt":{"rendered":"<p>Processo Eleitoral para composi\u00e7\u00e3o do Core-CE<\/p>\n","protected":false},"author":3,"featured_media":0,"comment_status":"closed","ping_status":"open","sticky":false,"template":"","format":"standard","meta":[],"categories":[43],"tags":[],"_links":{"self":[{"href":"https:\/\/www.confere.org.br\/wordpress\/wp-json\/wp\/v2\/posts\/2251"}],"collection":[{"href":"https:\/\/www.confere.org.br\/wordpress\/wp-json\/wp\/v2\/posts"}],"about":[{"href":"https:\/\/www.confere.org.br\/wordpress\/wp-json\/wp\/v2\/types\/post"}],"author":[{"embeddable":true,"href":"https:\/\/www.confere.org.br\/wordpress\/wp-json\/wp\/v2\/users\/3"}],"replies":[{"embeddable":true,"href":"https:\/\/www.confere.org.br\/wordpress\/wp-json\/wp\/v2\/comments?post=2251"}],"version-history":[{"count":6,"href":"https:\/\/www.confere.org.br\/wordpress\/wp-json\/wp\/v2\/posts\/2251\/revisions"}],"predecessor-version":[{"id":3858,"href":"https:\/\/www.confere.org.br\/wordpress\/wp-json\/wp\/v2\/posts\/2251\/revisions\/3858"}],"wp:attachment":[{"href":"https:\/\/www.confere.org.br\/wordpress\/wp-json\/wp\/v2\/media?parent=2251"}],"wp:term":[{"taxonomy":"category","embeddable":true,"href":"https:\/\/www.confere.org.br\/wordpress\/wp-json\/wp\/v2\/categories?post=2251"},{"taxonomy":"post_tag","embeddable":true,"href":"https:\/\/www.confere.org.br\/wordpress\/wp-json\/wp\/v2\/tags?post=2251"}],"curies":[{"name":"wp","href":"https:\/\/api.w.org\/{rel}","templated":true}]}}