{"id":2264,"date":"2020-01-31T10:42:57","date_gmt":"2020-01-31T12:42:57","guid":{"rendered":"http:\/\/www.confere.org.br\/wordpress\/?p=2264"},"modified":"2020-01-31T10:42:57","modified_gmt":"2020-01-31T12:42:57","slug":"simples-nacional-prazo-para-adesao-de-empresas-acaba-nesta-sexta","status":"publish","type":"post","link":"https:\/\/www.confere.org.br\/wordpress\/simples-nacional-prazo-para-adesao-de-empresas-acaba-nesta-sexta\/","title":{"rendered":"Simples Nacional: prazo para ades\u00e3o de empresas acaba nesta sexta"},"content":{"rendered":"\n<p>Termina nesta sexta-feira (31) o prazo para empresas pedirem a ades\u00e3o ao Simples Nacional, regime que simplifica o pagamentos de impostos e oferece um tratamento tribut\u00e1rio diferenciado para micro e empresas de pequeno porte.<\/p>\n\n\n\n<p>O prazo vale tanto para empres\u00e1rios interessados em aderir ao regime pela primeira vez como tamb\u00e9m para empresas que foram exclu\u00eddas do Simples Nacional em 2019 e desejam voltar a optar por esse regime tribut\u00e1rio.<\/p>\n\n\n\n<p>A solicita\u00e7\u00e3o de ades\u00e3o \u00e9 feita somente pela&nbsp;<a href=\"http:\/\/www8.receita.fazenda.gov.br\/SimplesNacional\/Servicos\/Grupo.aspx?grp=4\" target=\"_blank\" rel=\"noreferrer noopener\">p\u00e1gina do Simples Nacional<\/a>.<\/p>\n\n\n\n<p>De acordo com dados da Receita Federal,&nbsp;<strong>atualmente s\u00e3o 14,1 milh\u00f5es de empresas enquadradas<\/strong>&nbsp;no Simples.<\/p>\n\n\n\n<p>Em setembro do ano passado, 506 mil empresas foram exclu\u00eddas do Simples em raz\u00e3o de d\u00edvidas com o Fisco ou irregularidades. A empresa que foi exclu\u00edda pode solicitar nova op\u00e7\u00e3o ao Simples Nacional desde que regularize seus d\u00e9bitos, incluindo d\u00edvidas previdenci\u00e1rias, at\u00e9 o final de janeiro.<\/p>\n\n\n\n<p>Segundo a Receita, at\u00e9 ter\u00e7a-feira (21), o n\u00famero de novas solicita\u00e7\u00f5es de ades\u00e3o ao Simples somavam 435,5 mil, e os pedidos deferidos at\u00e9 a data somavam 119,7 mil.<\/p>\n\n\n\n<p>No momento da solicita\u00e7\u00e3o tamb\u00e9m s\u00e3o verificadas eventuais pend\u00eancias com os entes federados (Uni\u00e3o, estado, Distrito Federal e munic\u00edpios) que impe\u00e7am o ingresso no Simples.<\/p>\n\n\n\n<p>Vale lembrar que para novas empresas, o prazo para a solicita\u00e7\u00e3o de op\u00e7\u00e3o \u00e9 de 30 dias contados do \u00faltimo deferimento de inscri\u00e7\u00e3o (municipal, ou estadual), desde que n\u00e3o tenham decorridos 180 dias da data de abertura constante do CNPJ (para empresas abertas at\u00e9 31\/12\/2019) ou 60 dias (para empresas abertas a partir de 01\/01\/2020).<\/p>\n\n\n\n<p>&#8220;Quando deferida, a op\u00e7\u00e3o produz efeitos a partir da data da abertura do CNPJ. Ap\u00f3s esse prazo, a op\u00e7\u00e3o somente ser\u00e1 poss\u00edvel no m\u00eas de janeiro do ano-calend\u00e1rio seguinte, produzindo efeitos a partir de ent\u00e3o&#8221;, explica a Receita.<\/p>\n\n\n\n<p>Para as empresas que j\u00e1 s\u00e3o tributadas no Simples, a renova\u00e7\u00e3o \u00e9 autom\u00e1tica, n\u00e3o sendo necess\u00e1rio fazer nova op\u00e7\u00e3o a cada ano.<\/p>\n\n\n\n<p>Empresas que optarem pelo Simples Nacional t\u00eam at\u00e9 31 para confirmar a op\u00e7\u00e3o<\/p>\n\n\n\n<h2>Entenda o Simples<\/h2>\n\n\n\n<p>O Simples Nacional \u00e9 um regime de arrecada\u00e7\u00e3o, cobran\u00e7a e fiscaliza\u00e7\u00e3o de impostos que unifica oito impostos municipais, estaduais e federais em uma s\u00f3 guia de pagamento. O modelo foi criado em 2007 visando desburocratizar o pagamento de impostos e incentivar o micro e pequeno empres\u00e1rio.<\/p>\n\n\n\n<p><a href=\"https:\/\/www8.receita.fazenda.gov.br\/SimplesNacional\/Perguntas\/Perguntas.aspx\" target=\"_blank\" rel=\"noreferrer noopener\">Veja perguntas e respostas no site da Receita Federal<\/a><\/p>\n\n\n\n<p>O Simples representa atualmente a<a href=\"https:\/\/g1.globo.com\/economia\/noticia\/2019\/05\/03\/governo-vai-enviar-ainda-neste-ano-plano-para-cortar-renuncias-fiscais-em-cerca-de-um-terco-ate-2022.ghtml\">maior ren\u00fancia fiscal do pa\u00eds, representando um valor de quase R$ 90 bilh\u00f5es por ano<\/a>.<\/p>\n\n\n\n<p>Atualmente, para ser enquadrada no regime, o faturamento da empresa n\u00e3o pode ser superior a R$ 4,8 milh\u00f5es por ano. Para microempresas , o limite \u00e9 de R$ 360 mil ao ano. J\u00e1 para os inscritos no MEI (microempreendedor individual), cuja ades\u00e3o pode ser feita em qualquer data, o teto de receita anual \u00e9 de R$ 81 mil.<\/p>\n\n\n\n<p>O Sebrae estima que a redu\u00e7\u00e3o da carga tribut\u00e1ria pode chegar a at\u00e9 80%, al\u00e9m de isen\u00e7\u00e3o de diversas contribui\u00e7\u00f5es. Quanto menor a empresa, maior o benef\u00edcio.<\/p>\n\n\n\n<p>Para algumas empresas, entretanto, a op\u00e7\u00e3o pode n\u00e3o ser vantajosa, podendo representar aumento da carga tribut\u00e1ria, apesar da simplifica\u00e7\u00e3o do pagamento. Por isso \u00e9 sempre importante comparar e fazer simula\u00e7\u00f5es.<\/p>\n\n\n\n<h2>Quem n\u00e3o pode aderir?<\/h2>\n\n\n\n<p>N\u00e3o podem aderir ao Simples a empresa que, entre outros:<\/p>\n\n\n\n<ul><li>tenha outra pessoa jur\u00eddica como acionista;<\/li><li>participe do capital de outra pessoa jur\u00eddica;<\/li><li>seja filial, sucursal, ag\u00eancia ou representa\u00e7\u00e3o, no pa\u00eds, de pessoa jur\u00eddica com sede no exterior;<\/li><li>tenha um dos acionistas com participa\u00e7\u00e3o em qualquer outra empresa de fins lucrativos, considerando que a soma da receita bruta dessas empresas ultrapasse R$ 4,8 milh\u00f5es;<\/li><li>tenha s\u00f3cio que more no exterior;<\/li><li>constitu\u00edda sob a forma de sociedade por a\u00e7\u00f5es;<\/li><li>constitu\u00edda sob a forma de cooperativas, salvo as de consumo;<\/li><li>exer\u00e7a atividades relacionadas a energia el\u00e9trica, importa\u00e7\u00e3o de combust\u00edveis, autom\u00f3veis e motocicletas, transporte intermunicipal e interestadual de passageiros, cr\u00e9dito, financiamento, corretagem, c\u00e2mbio, investimento, cigarros, cigarrilhas, charutos, filtros para cigarros, armas de fogo, muni\u00e7\u00f5es e p\u00f3lvoras, explosivos e detonantes, bebidas alco\u00f3licas e cervejas sem \u00e1lcool, cess\u00e3o ou loca\u00e7\u00e3o de m\u00e3o-de-obra, loteamento e incorpora\u00e7\u00e3o de im\u00f3veis, loca\u00e7\u00e3o de im\u00f3veis pr\u00f3prios;<\/li><li>possua d\u00e9bito, ainda exigido, com o Instituto Nacional do Seguro Social (INSS), ou com as Fazendas P\u00fablicas Federal, Estadual ou Municipal;<\/li><li>esteja sem inscri\u00e7\u00e3o ou com irregularidade em cadastro fiscal federal, municipal ou estadual, quando exig\u00edvel.<\/li><\/ul>\n","protected":false},"excerpt":{"rendered":"<p>Prazo \u00e9 v\u00e1lido para novas empresas ou para quem foi exclu\u00eddo no ano passado e quer voltar a fazer parte desse regime de tributa\u00e7\u00e3o que simplifica o pagamento de impostos.<\/p>\n","protected":false},"author":3,"featured_media":2265,"comment_status":"closed","ping_status":"open","sticky":false,"template":"","format":"standard","meta":[],"categories":[2],"tags":[],"_links":{"self":[{"href":"https:\/\/www.confere.org.br\/wordpress\/wp-json\/wp\/v2\/posts\/2264"}],"collection":[{"href":"https:\/\/www.confere.org.br\/wordpress\/wp-json\/wp\/v2\/posts"}],"about":[{"href":"https:\/\/www.confere.org.br\/wordpress\/wp-json\/wp\/v2\/types\/post"}],"author":[{"embeddable":true,"href":"https:\/\/www.confere.org.br\/wordpress\/wp-json\/wp\/v2\/users\/3"}],"replies":[{"embeddable":true,"href":"https:\/\/www.confere.org.br\/wordpress\/wp-json\/wp\/v2\/comments?post=2264"}],"version-history":[{"count":1,"href":"https:\/\/www.confere.org.br\/wordpress\/wp-json\/wp\/v2\/posts\/2264\/revisions"}],"predecessor-version":[{"id":2270,"href":"https:\/\/www.confere.org.br\/wordpress\/wp-json\/wp\/v2\/posts\/2264\/revisions\/2270"}],"wp:featuredmedia":[{"embeddable":true,"href":"https:\/\/www.confere.org.br\/wordpress\/wp-json\/wp\/v2\/media\/2265"}],"wp:attachment":[{"href":"https:\/\/www.confere.org.br\/wordpress\/wp-json\/wp\/v2\/media?parent=2264"}],"wp:term":[{"taxonomy":"category","embeddable":true,"href":"https:\/\/www.confere.org.br\/wordpress\/wp-json\/wp\/v2\/categories?post=2264"},{"taxonomy":"post_tag","embeddable":true,"href":"https:\/\/www.confere.org.br\/wordpress\/wp-json\/wp\/v2\/tags?post=2264"}],"curies":[{"name":"wp","href":"https:\/\/api.w.org\/{rel}","templated":true}]}}