{"id":2266,"date":"2020-01-31T10:42:44","date_gmt":"2020-01-31T12:42:44","guid":{"rendered":"http:\/\/www.confere.org.br\/wordpress\/?p=2266"},"modified":"2020-01-31T10:42:45","modified_gmt":"2020-01-31T12:42:45","slug":"petrobras-corta-em-3-preco-medio-da-gasolina-e-do-diesel-nas-refinarias","status":"publish","type":"post","link":"https:\/\/www.confere.org.br\/wordpress\/petrobras-corta-em-3-preco-medio-da-gasolina-e-do-diesel-nas-refinarias\/","title":{"rendered":"Petrobras corta em 3% pre\u00e7o m\u00e9dio da gasolina e do diesel nas refinarias"},"content":{"rendered":"\n<p>Termina nesta sexta-feira (31) o prazo para empresas pedirem a ades\u00e3o ao Simples Nacional, regime que simplifica o pagamentos de impostos e oferece um tratamento tribut\u00e1rio diferenciado para micro e empresas de pequeno porte.<\/p>\n\n\n\n<p>Em janeiro, j\u00e1 \u00e9 a terceira vez que a estatal corta o pre\u00e7o dos combust\u00edveis. Na semana passada, a empresa&nbsp;<a href=\"https:\/\/g1.globo.com\/economia\/noticia\/2020\/01\/23\/petrobras-reduz-preco-da-gasolina-e-do-diesel-nas-refinarias.ghtml\">diminuiu o pre\u00e7o m\u00e9dio da gasolina e do diesel nas refinarias em 1,5% e 4,1%<\/a>, respectivamente. Em 14 de janeiro,&nbsp;<a href=\"https:\/\/g1.globo.com\/economia\/noticia\/2020\/01\/13\/petrobras-reduzira-em-3-preco-medio-da-gasolina-e-do-diesel-nas-refinarias.ghtml\">promoveu um corte de 3%<\/a>.<\/p>\n\n\n\n<p>A petroleira estatal tem reiterado que sua pol\u00edtica para ambos os combust\u00edveis segue o princ\u00edpio da paridade de importa\u00e7\u00e3o, que leva em conta pre\u00e7os no mercado internacional mais os custos de importadores, como transporte e taxas portu\u00e1rias, com impacto tamb\u00e9m do c\u00e2mbio, destaca a Reuters.<\/p>\n\n\n\n<h4>Pre\u00e7os nos postos<\/h4>\n\n\n\n<p>O repasse dos ajustes de pre\u00e7o nas refinarias para o consumidor final nos postos depende de diversos fatores, como impostos, margens de distribui\u00e7\u00e3o e revenda e mistura de biocombust\u00edveis.<\/p>\n\n\n\n<p>Na semana passada, os pre\u00e7os dos combust\u00edveis voltaram a subir, segundo dados da Ag\u00eancia Nacional do Petr\u00f3leo, G\u00e1s Natural e Biocombust\u00edveis (ANP).<\/p>\n\n\n\n<p>De acordo com o levantamento da ANP, o valor m\u00e9dio do litro da gasolina para o consumidor avan\u00e7ou 0,17%, para R$ 4,594, nesta semana.<\/p>\n\n\n\n<p>O pre\u00e7o do diesel teve alta de 0,24% no per\u00edodo, para R$ 3,8 por litro, em m\u00e9dia. O pre\u00e7o do etanol tamb\u00e9m subiu na semana. O avan\u00e7o foi de 0,19%, para R$ 3,247 por litro.<\/p>\n","protected":false},"excerpt":{"rendered":"<p>Prazo \u00e9 v\u00e1lido para novas empresas ou para quem foi exclu\u00eddo no ano passado e quer voltar a fazer parte desse regime de tributa\u00e7\u00e3o que simplifica o pagamento de impostos.<\/p>\n","protected":false},"author":3,"featured_media":2268,"comment_status":"closed","ping_status":"open","sticky":false,"template":"","format":"standard","meta":[],"categories":[2],"tags":[],"_links":{"self":[{"href":"https:\/\/www.confere.org.br\/wordpress\/wp-json\/wp\/v2\/posts\/2266"}],"collection":[{"href":"https:\/\/www.confere.org.br\/wordpress\/wp-json\/wp\/v2\/posts"}],"about":[{"href":"https:\/\/www.confere.org.br\/wordpress\/wp-json\/wp\/v2\/types\/post"}],"author":[{"embeddable":true,"href":"https:\/\/www.confere.org.br\/wordpress\/wp-json\/wp\/v2\/users\/3"}],"replies":[{"embeddable":true,"href":"https:\/\/www.confere.org.br\/wordpress\/wp-json\/wp\/v2\/comments?post=2266"}],"version-history":[{"count":1,"href":"https:\/\/www.confere.org.br\/wordpress\/wp-json\/wp\/v2\/posts\/2266\/revisions"}],"predecessor-version":[{"id":2269,"href":"https:\/\/www.confere.org.br\/wordpress\/wp-json\/wp\/v2\/posts\/2266\/revisions\/2269"}],"wp:featuredmedia":[{"embeddable":true,"href":"https:\/\/www.confere.org.br\/wordpress\/wp-json\/wp\/v2\/media\/2268"}],"wp:attachment":[{"href":"https:\/\/www.confere.org.br\/wordpress\/wp-json\/wp\/v2\/media?parent=2266"}],"wp:term":[{"taxonomy":"category","embeddable":true,"href":"https:\/\/www.confere.org.br\/wordpress\/wp-json\/wp\/v2\/categories?post=2266"},{"taxonomy":"post_tag","embeddable":true,"href":"https:\/\/www.confere.org.br\/wordpress\/wp-json\/wp\/v2\/tags?post=2266"}],"curies":[{"name":"wp","href":"https:\/\/api.w.org\/{rel}","templated":true}]}}