{"id":229,"date":"2019-09-17T16:52:35","date_gmt":"2019-09-17T19:52:35","guid":{"rendered":"http:\/\/www.confere.org.br\/wordpress\/?p=229"},"modified":"2019-11-07T11:47:49","modified_gmt":"2019-11-07T14:47:49","slug":"simbolos","status":"publish","type":"post","link":"https:\/\/www.confere.org.br\/wordpress\/simbolos\/","title":{"rendered":"S\u00edmbolos"},"content":{"rendered":"\n<div class=\"wp-block-image\"><figure class=\"aligncenter\"><img width=\"350\" height=\"204\" src=\"https:\/\/www.confere.org.br\/wordpress\/wp-content\/uploads\/2019\/09\/confere_cores.jpg\" alt=\"\" class=\"wp-image-230\" srcset=\"https:\/\/www.confere.org.br\/wordpress\/wp-content\/uploads\/2019\/09\/confere_cores.jpg 350w, https:\/\/www.confere.org.br\/wordpress\/wp-content\/uploads\/2019\/09\/confere_cores-300x175.jpg 300w\" sizes=\"(max-width: 350px) 100vw, 350px\" \/><\/figure><\/div>\n\n\n\n<h4 style=\"text-align:center\">S\u00edmbolo do Sistema Confere\/Cores<\/h4>\n\n\n\n<div style=\"height:60px\" aria-hidden=\"true\" class=\"wp-block-spacer\"><\/div>\n\n\n\n<hr class=\"wp-block-separator\"\/>\n\n\n\n<div class=\"wp-block-image\"><figure class=\"aligncenter is-resized\"><img src=\"https:\/\/www.confere.org.br\/wordpress\/wp-content\/uploads\/2019\/09\/selo_45_anos.jpg\" alt=\"\" class=\"wp-image-232\" height=\"204\" srcset=\"https:\/\/www.confere.org.br\/wordpress\/wp-content\/uploads\/2019\/09\/selo_45_anos.jpg 350w, https:\/\/www.confere.org.br\/wordpress\/wp-content\/uploads\/2019\/09\/selo_45_anos-300x188.jpg 300w\" sizes=\"(max-width: 350px) 100vw, 350px\" \/><\/figure><\/div>\n\n\n\n<h4 style=\"text-align:center\">Selo Comemorativo em homenagem aos 45 anos da Lei n\u00ba 4.886\/65<\/h4>\n\n\n\n<div style=\"height:60px\" aria-hidden=\"true\" class=\"wp-block-spacer\"><\/div>\n\n\n\n<hr class=\"wp-block-separator\"\/>\n\n\n\n<div class=\"wp-block-image\"><figure class=\"aligncenter is-resized\"><img src=\"https:\/\/www.confere.org.br\/wordpress\/wp-content\/uploads\/2019\/09\/mercurio_anel.gif\" alt=\"\" class=\"wp-image-231\" width=\"127\" height=\"95\"\/><\/figure><\/div>\n\n\n\n<h4 style=\"text-align:center\">S\u00edmbolo da profiss\u00e3o de Representante Comercial<\/h4>\n\n\n\n<div style=\"height:30px\" aria-hidden=\"true\" class=\"wp-block-spacer\"><\/div>\n\n\n\n<p>Conforme a Resolu\u00e7\u00e3o n\u00ba 398, de 23 de mar\u00e7o de 2006, s\u00e3o s\u00edmbolos representativos da profiss\u00e3o de representante comercial:<\/p>\n\n\n\n<p>A cabe\u00e7a do Merc\u00fario, que, na mitologia grega, \u00e9 considerado o deus dos comerciantes, mercadores e viajantes, pelo seu talento e arte de falar bem.<\/p>\n\n\n\n<p>O astro cometa porque o voc\u00e1bulo, na l\u00edngua brasileira, tem o mesmo significado, caixeiro-viajante, que deu origem \u00e0 atividade de Representa\u00e7\u00e3o Comercial.<\/p>\n\n\n\n<p><\/p>\n","protected":false},"excerpt":{"rendered":"<p>S\u00edmbolo do Sistema Confere\/Cores Selo Comemorativo em homenagem aos 45 anos da Lei n\u00ba 4.886\/65 S\u00edmbolo da profiss\u00e3o de Representante Comercial Conforme a Resolu\u00e7\u00e3o n\u00ba 398, de 23 de mar\u00e7o de 2006, s\u00e3o s\u00edmbolos representativos da profiss\u00e3o de representante comercial: A cabe\u00e7a do Merc\u00fario, que, na mitologia grega, \u00e9 considerado o deus dos comerciantes, mercadores &hellip; <\/p>\n<p class=\"link-more\"><a href=\"https:\/\/www.confere.org.br\/wordpress\/simbolos\/\" class=\"more-link\">Continue lendo<span class=\"screen-reader-text\"> &#8220;S\u00edmbolos&#8221;<\/span><\/a><\/p>\n","protected":false},"author":3,"featured_media":0,"comment_status":"closed","ping_status":"open","sticky":false,"template":"","format":"standard","meta":[],"categories":[14],"tags":[],"_links":{"self":[{"href":"https:\/\/www.confere.org.br\/wordpress\/wp-json\/wp\/v2\/posts\/229"}],"collection":[{"href":"https:\/\/www.confere.org.br\/wordpress\/wp-json\/wp\/v2\/posts"}],"about":[{"href":"https:\/\/www.confere.org.br\/wordpress\/wp-json\/wp\/v2\/types\/post"}],"author":[{"embeddable":true,"href":"https:\/\/www.confere.org.br\/wordpress\/wp-json\/wp\/v2\/users\/3"}],"replies":[{"embeddable":true,"href":"https:\/\/www.confere.org.br\/wordpress\/wp-json\/wp\/v2\/comments?post=229"}],"version-history":[{"count":23,"href":"https:\/\/www.confere.org.br\/wordpress\/wp-json\/wp\/v2\/posts\/229\/revisions"}],"predecessor-version":[{"id":813,"href":"https:\/\/www.confere.org.br\/wordpress\/wp-json\/wp\/v2\/posts\/229\/revisions\/813"}],"wp:attachment":[{"href":"https:\/\/www.confere.org.br\/wordpress\/wp-json\/wp\/v2\/media?parent=229"}],"wp:term":[{"taxonomy":"category","embeddable":true,"href":"https:\/\/www.confere.org.br\/wordpress\/wp-json\/wp\/v2\/categories?post=229"},{"taxonomy":"post_tag","embeddable":true,"href":"https:\/\/www.confere.org.br\/wordpress\/wp-json\/wp\/v2\/tags?post=229"}],"curies":[{"name":"wp","href":"https:\/\/api.w.org\/{rel}","templated":true}]}}