{"id":2321,"date":"2020-02-07T11:14:51","date_gmt":"2020-02-07T13:14:51","guid":{"rendered":"http:\/\/www.confere.org.br\/wordpress\/?p=2321"},"modified":"2020-02-11T16:43:53","modified_gmt":"2020-02-11T18:43:53","slug":"pl-no-5-902-2019","status":"publish","type":"post","link":"https:\/\/www.confere.org.br\/wordpress\/pl-no-5-902-2019\/","title":{"rendered":"PL n\u00ba 5.902\/2019"},"content":{"rendered":"\n<p>Altera a Lei n\u00ba 8.383, de 30 de dezembro de 1991, e a Lei n\u00ba 8.989, de 24 de fevereiro de 1995, para estabelecer a isen\u00e7\u00e3o do IOF e do IPI incidentes sobre aquisi\u00e7\u00e3o de ve\u00edculos por representantes comerciais aut\u00f4nomos.<\/p>\n\n\n\n<p><strong>Autor: <\/strong> Deputado Guiga Peixoto (PSL\/SP) <\/p>\n\n\n\n<p><a rel=\"noreferrer noopener\" aria-label=\"Saiba mais sobre o PL n\u00ba 5.902\/2019 (abre numa nova aba)\" href=\"https:\/\/www.camara.leg.br\/proposicoesWeb\/fichadetramitacao?idProposicao=2228845\" target=\"_blank\">Consulte a tramita\u00e7\u00e3o do  PL n\u00ba 5.902\/2019<\/a> <\/p>\n","protected":false},"excerpt":{"rendered":"<p>Altera a Lei n\u00ba 8.383, de 30 de dezembro de 1991, e a Lei n\u00ba 8.989, de 24 de fevereiro de 1995, para estabelecer a isen\u00e7\u00e3o do IOF e do IPI incidentes sobre aquisi\u00e7\u00e3o de ve\u00edculos por representantes comerciais aut\u00f4nomos. Autor: Deputado Guiga Peixoto (PSL\/SP) Consulte a tramita\u00e7\u00e3o do PL n\u00ba 5.902\/2019<\/p>\n","protected":false},"author":3,"featured_media":0,"comment_status":"closed","ping_status":"open","sticky":false,"template":"","format":"standard","meta":[],"categories":[44],"tags":[],"_links":{"self":[{"href":"https:\/\/www.confere.org.br\/wordpress\/wp-json\/wp\/v2\/posts\/2321"}],"collection":[{"href":"https:\/\/www.confere.org.br\/wordpress\/wp-json\/wp\/v2\/posts"}],"about":[{"href":"https:\/\/www.confere.org.br\/wordpress\/wp-json\/wp\/v2\/types\/post"}],"author":[{"embeddable":true,"href":"https:\/\/www.confere.org.br\/wordpress\/wp-json\/wp\/v2\/users\/3"}],"replies":[{"embeddable":true,"href":"https:\/\/www.confere.org.br\/wordpress\/wp-json\/wp\/v2\/comments?post=2321"}],"version-history":[{"count":4,"href":"https:\/\/www.confere.org.br\/wordpress\/wp-json\/wp\/v2\/posts\/2321\/revisions"}],"predecessor-version":[{"id":2339,"href":"https:\/\/www.confere.org.br\/wordpress\/wp-json\/wp\/v2\/posts\/2321\/revisions\/2339"}],"wp:attachment":[{"href":"https:\/\/www.confere.org.br\/wordpress\/wp-json\/wp\/v2\/media?parent=2321"}],"wp:term":[{"taxonomy":"category","embeddable":true,"href":"https:\/\/www.confere.org.br\/wordpress\/wp-json\/wp\/v2\/categories?post=2321"},{"taxonomy":"post_tag","embeddable":true,"href":"https:\/\/www.confere.org.br\/wordpress\/wp-json\/wp\/v2\/tags?post=2321"}],"curies":[{"name":"wp","href":"https:\/\/api.w.org\/{rel}","templated":true}]}}