{"id":2327,"date":"2020-02-10T10:36:09","date_gmt":"2020-02-10T12:36:09","guid":{"rendered":"http:\/\/www.confere.org.br\/wordpress\/?p=2327"},"modified":"2023-03-03T10:42:55","modified_gmt":"2023-03-03T13:42:55","slug":"processo-de-licitacao-n-018-2019-contratacao-de-servicos-de-impressao-de-acabamento-grafico-de-14-000-quatorze-mil-exemplares-anual-da-revista-institucional-do-sistema-confere-cores","status":"publish","type":"post","link":"https:\/\/www.confere.org.br\/wordpress\/processo-de-licitacao-n-018-2019-contratacao-de-servicos-de-impressao-de-acabamento-grafico-de-14-000-quatorze-mil-exemplares-anual-da-revista-institucional-do-sistema-confere-cores\/","title":{"rendered":"Processo de Licita\u00e7\u00e3o n\u00b0 018\/2019 &#8211; Contrata\u00e7\u00e3o de servi\u00e7os de impress\u00e3o de acabamento gr\u00e1fico de 14.000 (quatorze mil) exemplares anual da Revista Institucional do Sistema Confere\/Cores"},"content":{"rendered":"\n<p>10\/02\/2020 &#8211;  <a rel=\"noreferrer noopener\" href=\"https:\/\/confere.org.br\/PDF\/EDITAL%20TIMBRADO.pdf\" target=\"_blank\">Pr<\/a><a rel=\"noreferrer noopener\" aria-label=\"eg\u00e3o Eletr\u00f4nico n\u00ba 018\/2019   (abre numa nova aba)\" href=\"https:\/\/www.confere.org.br\/wordpress\/wp-content\/uploads\/2020\/02\/EDITAL-02-2020-018-2019.pdf\" target=\"_blank\">eg\u00e3o Eletr\u00f4nico n\u00ba 018\/2019<\/a><\/p>\n\n\n\n<p>10\/02\/2020 &#8211; <a rel=\"noreferrer noopener\" aria-label=\"Aviso de Licita\u00e7\u00e3o publicado no DOU (abre numa nova aba)\" href=\"https:\/\/www.confere.org.br\/wordpress\/wp-content\/uploads\/2020\/02\/AVISO-DE-LICITACAO-REVISTAS-DOU.pdf\" target=\"_blank\">Aviso de Licita\u00e7\u00e3o publicado no DOU<\/a><\/p>\n\n\n\n<p>17\/02\/2020 &#8211; <a href=\"https:\/\/www.confere.org.br\/wordpress\/wp-content\/uploads\/2020\/02\/Pedido_esclarecimento_02_2020.pdf\">Resposta ao Pedido de Esclarecimento n\u00ba 1<\/a> <\/p>\n\n\n\n<p>13\/03\/2020 &#8211; <a href=\"https:\/\/www.confere.org.br\/wordpress\/wp-content\/uploads\/2020\/09\/TERMO-DE-ADJUDICACAO-COMPRASNET-O-SITE-DE-COMPRAS-DO-GOVERNO.pdf\" target=\"_blank\" rel=\"noreferrer noopener\" aria-label=\" (abre numa nova aba)\">Termo de Adjudica\u00e7\u00e3o Comprasnet o site de compras  do Governo<\/a><\/p>\n","protected":false},"excerpt":{"rendered":"<p>10\/02\/2020 &#8211; Preg\u00e3o Eletr\u00f4nico n\u00ba 018\/2019 10\/02\/2020 &#8211; Aviso de Licita\u00e7\u00e3o publicado no DOU 17\/02\/2020 &#8211; Resposta ao Pedido de Esclarecimento n\u00ba 1 13\/03\/2020 &#8211; Termo de Adjudica\u00e7\u00e3o Comprasnet o site de compras do Governo<\/p>\n","protected":false},"author":3,"featured_media":0,"comment_status":"closed","ping_status":"open","sticky":false,"template":"","format":"standard","meta":[],"categories":[32],"tags":[],"_links":{"self":[{"href":"https:\/\/www.confere.org.br\/wordpress\/wp-json\/wp\/v2\/posts\/2327"}],"collection":[{"href":"https:\/\/www.confere.org.br\/wordpress\/wp-json\/wp\/v2\/posts"}],"about":[{"href":"https:\/\/www.confere.org.br\/wordpress\/wp-json\/wp\/v2\/types\/post"}],"author":[{"embeddable":true,"href":"https:\/\/www.confere.org.br\/wordpress\/wp-json\/wp\/v2\/users\/3"}],"replies":[{"embeddable":true,"href":"https:\/\/www.confere.org.br\/wordpress\/wp-json\/wp\/v2\/comments?post=2327"}],"version-history":[{"count":7,"href":"https:\/\/www.confere.org.br\/wordpress\/wp-json\/wp\/v2\/posts\/2327\/revisions"}],"predecessor-version":[{"id":3577,"href":"https:\/\/www.confere.org.br\/wordpress\/wp-json\/wp\/v2\/posts\/2327\/revisions\/3577"}],"wp:attachment":[{"href":"https:\/\/www.confere.org.br\/wordpress\/wp-json\/wp\/v2\/media?parent=2327"}],"wp:term":[{"taxonomy":"category","embeddable":true,"href":"https:\/\/www.confere.org.br\/wordpress\/wp-json\/wp\/v2\/categories?post=2327"},{"taxonomy":"post_tag","embeddable":true,"href":"https:\/\/www.confere.org.br\/wordpress\/wp-json\/wp\/v2\/tags?post=2327"}],"curies":[{"name":"wp","href":"https:\/\/api.w.org\/{rel}","templated":true}]}}