{"id":2332,"date":"2020-02-10T11:26:38","date_gmt":"2020-02-10T13:26:38","guid":{"rendered":"http:\/\/www.confere.org.br\/wordpress\/?p=2332"},"modified":"2020-02-10T11:28:08","modified_gmt":"2020-02-10T13:28:08","slug":"inflacao-desacelera-a-021-e-e-a-menor-para-janeiro-desde-o-plano-real","status":"publish","type":"post","link":"https:\/\/www.confere.org.br\/wordpress\/inflacao-desacelera-a-021-e-e-a-menor-para-janeiro-desde-o-plano-real\/","title":{"rendered":"Infla\u00e7\u00e3o desacelera a 0,21% e \u00e9 a menor para janeiro desde o Plano Real"},"content":{"rendered":"\n<p> O acumulado dos \u00faltimos 12 meses foi a 4,19%, abaixo dos 4,31% observados nos 12 meses imediatamente anteriores. Em janeiro de 2019, a taxa havia ficado em 0,32%.<\/p>\n\n\n\n<p> As informa\u00e7\u00f5es foram divulgadas nesta sexta-feira (7) pelo IBGE (Instituto Brasileiro de Geografia e Estat\u00edstica). <\/p>\n\n\n\n<p>Esta \u00e9 a primeira divulga\u00e7\u00e3o da infla\u00e7\u00e3o calculada com base em uma nova cesta de produtos e servi\u00e7os, para acompanhar mudan\u00e7as nos h\u00e1bitos de consumo da popula\u00e7\u00e3o brasileira. O IPCA de janeiro inclui, por exemplo, pre\u00e7os de transporte por aplicativo, coletados pela primeira vez por um rob\u00f4 virtual. <\/p>\n\n\n\n<h4><br>Pre\u00e7o da carne cai e puxa \u00edndice para baixo <\/h4>\n\n\n\n<p>Ap\u00f3s a alta de 18,06% em dezembro, os pre\u00e7os das carnes recuaram 4,03% em janeiro, contribuindo com o maior impacto negativo sobre o \u00edndice no m\u00eas (-0,11 ponto percentual). <\/p>\n\n\n\n<p> &#8220;Tivemos uma alta muito grande no pre\u00e7o das carnes nos \u00faltimos meses do ano passado, devido \u00e0s exporta\u00e7\u00f5es para a China e \u00e0 alta do d\u00f3lar, que restringiram a oferta no mercado interno. Agora, percebemos um recuo natural dos pre\u00e7os, na medida em que a produ\u00e7\u00e3o vai se restabelecendo para atender ao mercado interno&#8221;<br> <em>Pedro Kislanov, gerente de \u00cdndice de Pre\u00e7os do IBGE.<\/em><\/p>\n\n\n\n<p> No lado das altas, os destaques ficaram com o tomate, que subiu 13,72% \u2014os pre\u00e7os j\u00e1 haviam subido 21,69% em dezembro\u2014 e a batata inglesa, com alta de 11,02%. <\/p>\n\n\n\n<p>No geral, os pre\u00e7os dos alimentos e bebidas subiram 0,39% em janeiro.<\/p>\n\n\n\n<h4> <br>Aluguel, conta de luz e g\u00e1s mais caros <\/h4>\n\n\n\n<p>Ap\u00f3s a queda de 0,82% no m\u00eas de dezembro, os gastos com habita\u00e7\u00e3o subiram 0,55%, puxados pelos pre\u00e7os de condom\u00ednio (1,39%) e aluguel residencial (0,61%). A energia el\u00e9trica ficou 0,16% mais cara. Em janeiro, a Aneel (Ag\u00eancia Nacional de Energia El\u00e9trica) manteve a bandeira tarif\u00e1ria amarela, que acrescenta na conta de luz R$ 1,343 a cada 100 quilowatts-hora consumidos.<\/p>\n\n\n\n<p> Ainda em habita\u00e7\u00e3o, subiram as taxas de \u00e1gua e esgoto (0,3%) e de g\u00e1s encanado (0,64%) e de botij\u00e3o (0,87%). A Petrobras anunciou um aumento de 5% no pre\u00e7o do botij\u00e3o de 13 quilos, nas refinarias, a partir de 27 de dezembro de 2019.<\/p>\n\n\n\n<h4> <br>Combust\u00edveis tamb\u00e9m subiram <\/h4>\n\n\n\n<p>Os transportes passaram a ter mais peso na infla\u00e7\u00e3o em janeiro e registraram alta de 0,32%, puxados pela gasolina (0,89%) e o etanol (2,59%). Os pre\u00e7os dos \u00f4nibus urbanos tamb\u00e9m subiram (0,78%), devido aos reajustes nas tarifas em v\u00e1rias regi\u00f5es. O reajuste chegou a 10% em Bras\u00edlia. <\/p>\n\n\n\n<p>Por outro lado, as passagens a\u00e9reas ca\u00edram 6,75%, ap\u00f3s alta de 15,62% em dezembro.<\/p>\n\n\n\n<h4> <br>Aplicativo de transporte e streaming <\/h4>\n\n\n\n<p>Segundo o IBGE, nenhum dos novos itens considerados na infla\u00e7\u00e3o impactaram fortemente o indicador em janeiro. No caso do transporte por aplicativo, os pre\u00e7os ca\u00edram 0,54%, com a maior queda em S\u00e3o Paulo (-2,89%) e a maior alta em Goi\u00e2nia (1,99%). <\/p>\n\n\n\n<p>Servi\u00e7os de streaming n\u00e3o variaram.<\/p>\n\n\n\n<h4><br> Juros x infla\u00e7\u00e3o <\/h4>\n\n\n\n<p>Para tentar controlar a infla\u00e7\u00e3o, o Banco Central pode usar a taxa de juros. De modo geral, quando a infla\u00e7\u00e3o est\u00e1 alta, o BC sobe os juros para reduzir o consumo e estimular a queda de pre\u00e7os. Quando a infla\u00e7\u00e3o est\u00e1 baixa, o BC derruba os juros para impulsionar o consumo. <\/p>\n\n\n\n<p>Na \u00faltima reuni\u00e3o, o Comit\u00ea de Pol\u00edtica Monet\u00e1ria do BC decidiu reduzir taxa b\u00e1sica de juros (Selic) em 0,25 ponto percentual, de 4,5% para 4,25% ao ano. \u00c9 a menor taxa desde que o Copom foi criado, em 1996.<\/p>\n\n\n\n<p><br>Fonte: www.uol.com.br<\/p>\n","protected":false},"excerpt":{"rendered":"<p>O IPCA (\u00cdndice de Pre\u00e7os ao Consumidor Amplo), que mede a infla\u00e7\u00e3o oficial no pa\u00eds, desacelerou a 0,21% em janeiro, depois de ficar em 1,15% em dezembro. Foi o menor resultado para janeiro desde o in\u00edcio do Plano Real, em julho de 1994. A desacelera\u00e7\u00e3o foi puxada pela queda nos pre\u00e7os das carnes.<\/p>\n","protected":false},"author":3,"featured_media":2331,"comment_status":"closed","ping_status":"open","sticky":false,"template":"","format":"standard","meta":[],"categories":[2],"tags":[],"_links":{"self":[{"href":"https:\/\/www.confere.org.br\/wordpress\/wp-json\/wp\/v2\/posts\/2332"}],"collection":[{"href":"https:\/\/www.confere.org.br\/wordpress\/wp-json\/wp\/v2\/posts"}],"about":[{"href":"https:\/\/www.confere.org.br\/wordpress\/wp-json\/wp\/v2\/types\/post"}],"author":[{"embeddable":true,"href":"https:\/\/www.confere.org.br\/wordpress\/wp-json\/wp\/v2\/users\/3"}],"replies":[{"embeddable":true,"href":"https:\/\/www.confere.org.br\/wordpress\/wp-json\/wp\/v2\/comments?post=2332"}],"version-history":[{"count":3,"href":"https:\/\/www.confere.org.br\/wordpress\/wp-json\/wp\/v2\/posts\/2332\/revisions"}],"predecessor-version":[{"id":2335,"href":"https:\/\/www.confere.org.br\/wordpress\/wp-json\/wp\/v2\/posts\/2332\/revisions\/2335"}],"wp:featuredmedia":[{"embeddable":true,"href":"https:\/\/www.confere.org.br\/wordpress\/wp-json\/wp\/v2\/media\/2331"}],"wp:attachment":[{"href":"https:\/\/www.confere.org.br\/wordpress\/wp-json\/wp\/v2\/media?parent=2332"}],"wp:term":[{"taxonomy":"category","embeddable":true,"href":"https:\/\/www.confere.org.br\/wordpress\/wp-json\/wp\/v2\/categories?post=2332"},{"taxonomy":"post_tag","embeddable":true,"href":"https:\/\/www.confere.org.br\/wordpress\/wp-json\/wp\/v2\/tags?post=2332"}],"curies":[{"name":"wp","href":"https:\/\/api.w.org\/{rel}","templated":true}]}}