{"id":235,"date":"2019-09-18T09:23:34","date_gmt":"2019-09-18T12:23:34","guid":{"rendered":"http:\/\/www.confere.org.br\/wordpress\/?p=235"},"modified":"2023-09-28T17:04:04","modified_gmt":"2023-09-28T20:04:04","slug":"regimento-interno","status":"publish","type":"post","link":"https:\/\/www.confere.org.br\/wordpress\/regimento-interno\/","title":{"rendered":"Regimento Interno"},"content":{"rendered":"\n<p> O&nbsp;Regimento Interno<em> <\/em>regulamenta as atribui\u00e7\u00f5es do Conselho Federal dos Representantes Comerciais, <\/p>\n\n\n\n<p>de seus membros e os processos no \u00e2mbito do Sistema Confere\/Cores.  <\/p>\n\n\n\n<p><a href=\"https:\/\/www.confere.org.br\/wordpress\/wp-content\/uploads\/2023\/09\/Resolucao_2081_2023_-.pdf\" target=\"_blank\" rel=\"noreferrer noopener\">Novo Regimento Interno do Confere<\/a>, aprovado em 05 de julho de 2023.<\/p>\n\n\n\n<div style=\"height:40px\" aria-hidden=\"true\" class=\"wp-block-spacer\"><\/div>\n\n\n\n<p><\/p>\n","protected":false},"excerpt":{"rendered":"<p>O&nbsp;Regimento Interno regulamenta as atribui\u00e7\u00f5es do Conselho Federal dos Representantes Comerciais, de seus membros e os processos no \u00e2mbito do Sistema Confere\/Cores. Novo Regimento Interno do Confere, aprovado em 05 de julho de 2023.<\/p>\n","protected":false},"author":3,"featured_media":0,"comment_status":"closed","ping_status":"open","sticky":false,"template":"","format":"standard","meta":[],"categories":[14],"tags":[],"_links":{"self":[{"href":"https:\/\/www.confere.org.br\/wordpress\/wp-json\/wp\/v2\/posts\/235"}],"collection":[{"href":"https:\/\/www.confere.org.br\/wordpress\/wp-json\/wp\/v2\/posts"}],"about":[{"href":"https:\/\/www.confere.org.br\/wordpress\/wp-json\/wp\/v2\/types\/post"}],"author":[{"embeddable":true,"href":"https:\/\/www.confere.org.br\/wordpress\/wp-json\/wp\/v2\/users\/3"}],"replies":[{"embeddable":true,"href":"https:\/\/www.confere.org.br\/wordpress\/wp-json\/wp\/v2\/comments?post=235"}],"version-history":[{"count":20,"href":"https:\/\/www.confere.org.br\/wordpress\/wp-json\/wp\/v2\/posts\/235\/revisions"}],"predecessor-version":[{"id":12126,"href":"https:\/\/www.confere.org.br\/wordpress\/wp-json\/wp\/v2\/posts\/235\/revisions\/12126"}],"wp:attachment":[{"href":"https:\/\/www.confere.org.br\/wordpress\/wp-json\/wp\/v2\/media?parent=235"}],"wp:term":[{"taxonomy":"category","embeddable":true,"href":"https:\/\/www.confere.org.br\/wordpress\/wp-json\/wp\/v2\/categories?post=235"},{"taxonomy":"post_tag","embeddable":true,"href":"https:\/\/www.confere.org.br\/wordpress\/wp-json\/wp\/v2\/tags?post=235"}],"curies":[{"name":"wp","href":"https:\/\/api.w.org\/{rel}","templated":true}]}}