{"id":2370,"date":"2020-02-13T10:07:10","date_gmt":"2020-02-13T12:07:10","guid":{"rendered":"http:\/\/www.confere.org.br\/wordpress\/?p=2370"},"modified":"2020-02-13T10:08:37","modified_gmt":"2020-02-13T12:08:37","slug":"consumo-de-novas-tecnologias-ajuda-a-manter-inflacao-baixa","status":"publish","type":"post","link":"https:\/\/www.confere.org.br\/wordpress\/consumo-de-novas-tecnologias-ajuda-a-manter-inflacao-baixa\/","title":{"rendered":"Consumo de novas tecnologias ajuda a manter infla\u00e7\u00e3o baixa"},"content":{"rendered":"\n<p>A mudan\u00e7a no h\u00e1bito do consumo das fam\u00edlias provocada pela populariza\u00e7\u00e3o dos aplicativos de transporte e compras em geral est\u00e1 contribuindo para um comportamento mais favor\u00e1vel dos pre\u00e7os dos servi\u00e7os no pa\u00eds e ajudando a manter a infla\u00e7\u00e3o mais baixa.<\/p>\n\n\n\n<p>As principais consequ\u00eancias da incorpora\u00e7\u00e3o dos aplicativos no consumo di\u00e1rio s\u00e3o o aumento da concorr\u00eancia em v\u00e1rios setores e a possibilidade de comparar valores, o que leva a uma tend\u00eancia de queda dos pre\u00e7os.<\/p>\n\n\n\n<p>Os benef\u00edcios dessa onda tecnol\u00f3gica ficam evidentes na infla\u00e7\u00e3o de servi\u00e7os: em 2019, ela marcou 3,5%, abaixo da infla\u00e7\u00e3o geral, que ficou em 4,31%. No acumulado dos \u00faltimos 12 meses encerrados em janeiro,<a href=\"https:\/\/g1.globo.com\/economia\/noticia\/2020\/02\/07\/inflacao-oficial-fica-em-021percent-em-janeiro-aponta-ibge.ghtml\">&nbsp;o IPCA ficou em 4,19%<\/a>, enquanto a infla\u00e7\u00e3o de servi\u00e7os atingiu 3,3%.<\/p>\n\n\n\n<p>At\u00e9 o fim de 2020, mesmo com a expectativa de acelera\u00e7\u00e3o da atividade econ\u00f4mica, a infla\u00e7\u00e3o de servi\u00e7os deve seguir comportada: entre 3,5% e 4,6%, segundo analistas consultados pelo G1.<\/p>\n\n\n\n<figure class=\"wp-block-image\"><img src=\"https:\/\/s2.glbimg.com\/Z0Snx4e6PflIng2m6F2gaxDdgSI=\/0x0:1396x916\/1008x0\/smart\/filters:strip_icc()\/i.s3.glbimg.com\/v1\/AUTH_59edd422c0c84a879bd37670ae4f538a\/internal_photos\/bs\/2020\/W\/c\/cLouPzTB62vC2aFbab5Q\/laiyw-pre-os-controlados-1-.png\" alt=\"Pre\u00e7os controlados \u2014 Foto: Arte\/G1\"\/><\/figure>\n\n\n\n<blockquote class=\"wp-block-quote\"><p>&#8220;Essa discuss\u00e3o tem sido muito forte, de quanto a tecnologia pode ajudar a reduzir os pre\u00e7os na economia, de como esses ganhos tecnol\u00f3gicos ajudaram as empresas a reduzir custo e aumentar a produtividade&#8221;, diz economista-chefe da Claritas, Marcela Rocha.<\/p><\/blockquote>\n\n\n\n<p>A infla\u00e7\u00e3o de servi\u00e7os sempre foi um entrave para a economia brasileira porque, historicamente, rodou acima do \u00cdndice Nacional de Pre\u00e7os ao Consumidor Amplo (IPCA), considerado a infla\u00e7\u00e3o oficial do Brasil. No c\u00e1lculo de servi\u00e7os entram, por exemplo, gastos com cuidados pessoais, como manicure, despesas com hot\u00e9is, transporte e alimenta\u00e7\u00e3o fora de casa, entre outros.<\/p>\n\n\n\n<p>Nas economias mais avan\u00e7adas, o impacto da tecnologia na infla\u00e7\u00e3o tem sido chamado de &#8220;efeito Amazon&#8221;. A gigante de tecnologia se tornou s\u00edmbolo desse movimento porque criou um modelo de distribui\u00e7\u00e3o de produtos que reduziu os custos de opera\u00e7\u00e3o e, consequentemente, os pre\u00e7os \u2013 e que passou a ser copiado mundo afora.<\/p>\n\n\n\n<blockquote class=\"wp-block-quote\"><p>&#8220;Essas novidades tecnol\u00f3gicas produzem 2 efeitos relevantes. O primeiro \u00e9 a compara\u00e7\u00e3o de pre\u00e7os: Amazon, Buscap\u00e9, Rappi e outras empresas, colocam todas as lojas dispon\u00edveis em uma mesma plataforma e [o consumidor] consegue comparar. Isso traz um grau de competitividade maior e faz com que haja um reajuste de pre\u00e7os de forma mais coordenada&#8221;, diz J\u00falia Passabom, economista do Ita\u00fa-Unibanco.<\/p><\/blockquote>\n\n\n\n<p>&#8220;O segundo \u00e9 a pr\u00f3pria competi\u00e7\u00e3o. Novos competidores \u00e0s vezes chegam com pol\u00edticas de pre\u00e7os mais agressivas&#8221;, completa.<\/p>\n\n\n\n<p>Os efeitos do impacto da tecnologia da infla\u00e7\u00e3o devem come\u00e7ar a ficar mais evidentes nas pr\u00f3ximas divulga\u00e7\u00f5es do IPCA. Com as mudan\u00e7as de comportamento do consumidor apontadas na Pesquisa de Or\u00e7amentos Familiares (POF) 2017-2018, o Instituto Brasileiro de Geografia e Estat\u00edstica (IBGE)&nbsp;<a href=\"https:\/\/g1.globo.com\/economia\/noticia\/2019\/10\/11\/calculo-da-inflacao-vai-incluir-apps-de-transporte-e-streaming-a-partir-de-2020.ghtml\">alterou a lista de itens que ser\u00e3o apurados para calcular a infla\u00e7\u00e3o<\/a>.<\/p>\n\n\n\n<p>Saem da conta itens que ca\u00edram em desuso e cujo peso ficou menor no or\u00e7amento das fam\u00edlias, como aparelhos de DVD, m\u00e1quinas fotogr\u00e1ficas, microondas e liquidificadores; e entram servi\u00e7os e produtos que ganharam import\u00e2ncia na \u00faltima d\u00e9cada, como transporte por aplicativos e servi\u00e7os de streaming, por exemplo.<\/p>\n\n\n\n<p>&#8220;O que os modelos mostram \u00e9 que a infla\u00e7\u00e3o de servi\u00e7os deve seguir muito baixa em 2020, tamb\u00e9m em 3,5%. O PIB est\u00e1 acelerando, tem alguma retomada da atividade, mas a infla\u00e7\u00e3o segue num ritmo comportado e, talvez, isso n\u00e3o seja s\u00f3 pelo n\u00edvel do emprego&#8221;, diz Marcela.<\/p>\n\n\n\n<h4><br>Novos h\u00e1bitos<\/h4>\n\n\n\n<p>Levantamento realizado pelo Centro Regional de Estudos para o Desenvolvimento da Sociedade da Informa\u00e7\u00e3o (Cetic.br) revela bem como a tecnologia mudou o h\u00e1bito de consumo do brasileiro.<\/p>\n\n\n\n<p>Em 2018, de acordo com o Cetic.br, 70% dos brasileiros (126,9 milh\u00f5es de pessoas) utilizavam a internet. Desses, 60% realizaram algum tipo de pesquisa de pre\u00e7o, 34% compraram ou encomendaram produtos ou servi\u00e7os, e 19% divulgaram ou venderam produtos ou servi\u00e7os.<\/p>\n\n\n\n<p>O estudo tamb\u00e9m mostrou que 32% dos usu\u00e1rios de internet pediram t\u00e1xis ou motoristas por aplicativos.&nbsp;<strong>Al\u00e9m dos aplicativos de transporte, outros servi\u00e7os foram realizados online<\/strong>:<\/p>\n\n\n\n<ul><li>28% pagaram por servi\u00e7os de filme ou s\u00e9rie pela internet;<\/li><li>12% fizeram pedidos refei\u00e7\u00f5es em sites ou aplicativos;<\/li><li>8% pagaram por servi\u00e7os de m\u00fasica pela internet<\/li><li>5% fizeram reservas quartos ou acomoda\u00e7\u00f5es pela internet em site e aplicativos<\/li><\/ul>\n\n\n\n<blockquote class=\"wp-block-quote\"><p>&#8220;O mercado de compras via internet \u00e9 um mercado que est\u00e1 crescendo&#8221;, afirma o analista de pesquisas do Cetic.br, Winston Oyadomari. &#8220;Quem oferece algum servi\u00e7o pela internet est\u00e1 lidando com um mercado consumidor em expans\u00e3o.&#8221;<\/p><\/blockquote>\n\n\n\n<figure class=\"wp-block-image\"><img src=\"https:\/\/s2.glbimg.com\/E4KRYgh1lSbFRQ-Lw6sZNaOztpQ=\/0x0:5235x3490\/1008x0\/smart\/filters:strip_icc()\/i.s3.glbimg.com\/v1\/AUTH_59edd422c0c84a879bd37670ae4f538a\/internal_photos\/bs\/2019\/Z\/Q\/QxVUkHQaOG9gc2I6siuQ\/2019-06-19t213902z-1-lynxnpef5i2cj-rtroptp-4-mexico-uber.jpg\" alt=\"Em 2018, 12% fizeram pedidos refei\u00e7\u00f5es em sites ou aplicativos \u2014 Foto: Carlos Jasso\/Reuters\"\/><\/figure>\n\n\n\n<p><br><br>Depois que a esta\u00e7\u00e3o Moema, do Metr\u00f4, foi inaugurada, o designer Celso Soares, de 30 anos, decidiu vender o carro em 2018. Para se locomover em S\u00e3o Paulo, come\u00e7ou a utilizar um aplicativo que mostra as rotas de transporte p\u00fablico.<\/p>\n\n\n\n<p>&#8220;Sou de Bras\u00edlia e l\u00e1 a maioria das pessoas utiliza carro. Antes, at\u00e9 a inaugura\u00e7\u00e3o da esta\u00e7\u00e3o do Metr\u00f4 do lado da minha casa, n\u00e3o tinha o costume de usar transporte p\u00fablico&#8221;, afirma.<\/p>\n\n\n\n<p>Celso ainda n\u00e3o fez as contas de quanto economizou com a troca do carro pelo transporte p\u00fablico, mas lembra que passou a n\u00e3o ter gastos com estacionamento e gasolina.<\/p>\n\n\n\n<h4><br>Infla\u00e7\u00e3o de servi\u00e7os, velho problema<\/h4>\n\n\n\n<p>A mudan\u00e7a tecnol\u00f3gica ajuda a explicar apenas uma parte da fraqueza da infla\u00e7\u00e3o de servi\u00e7os no IPCA. Os analistas tamb\u00e9m ponderam que a lenta retomada da atividade econ\u00f4mica tem sido respons\u00e1vel pelo comportamento desse grupo de pre\u00e7os.<\/p>\n\n\n\n<p>&#8220;A infla\u00e7\u00e3o de servi\u00e7os fica mais baixa porque o produto [economia] n\u00e3o est\u00e1 crescendo perto de seu potencial&#8221;, diz J\u00falia Passabom, do Ita\u00fa.<\/p>\n\n\n\n<p>A infla\u00e7\u00e3o de servi\u00e7os costuma responder ao desempenho da economia. Se a atividade acelera e a taxa de desemprego cai, os pre\u00e7os de servi\u00e7os costumam subir. O oposto tamb\u00e9m ocorre:&nbsp;<strong>se h\u00e1 aumento do desemprego, os custos dos servi\u00e7os tendem a desacelerar<\/strong>, j\u00e1 que h\u00e1 menos gente disposta a consumir. No trimestre encerrado em fevereiro, o desemprego seguia elevado.<\/p>\n\n\n\n<p>Essa din\u00e2mica se d\u00e1 porque, quando a economia est\u00e1 aquecida, h\u00e1 mais margem para o repasse de pre\u00e7os. &#8220;N\u00e3o vemos press\u00e3o na infla\u00e7\u00e3o vindo da atividade econ\u00f4mica&#8221;, afirma Lais Carvalho, economista do banco Santander. &#8220;A recupera\u00e7\u00e3o da economia j\u00e1 era gradual, e ela tende a ser ainda mais&#8221;, afirmou.<\/p>\n\n\n\n<p>Por anos, a economia brasileira lidou com uma infla\u00e7\u00e3o de servi\u00e7os bastante elevada. Em 2011, por exemplo, subiu 9,6%. Naquele momento, a economia brasileira ainda mantinha um certo ritmo de crescimento e o pa\u00eds tinha pleno emprego. Ao longo dos \u00faltimos anos, a infla\u00e7\u00e3o de servi\u00e7os s\u00f3 cedeu em 2017, quando o encerrou o ano em 4,5%.<\/p>\n\n\n\n<blockquote class=\"wp-block-quote\"><p>&#8220;A redu\u00e7\u00e3o da infla\u00e7\u00e3o dos \u00faltimos anos n\u00e3o teria acontecido se a infla\u00e7\u00e3o de servi\u00e7os n\u00e3o tivesse ca\u00eddo tamb\u00e9m&#8221;, afirma Marcel Balassiano, pesquisador do Instituto Brasileiro de Economia, da Funda\u00e7\u00e3o Get\u00falio Vargas (Ibre\/FGV).<\/p><\/blockquote>\n\n\n\n<p>Em 2019,\u00a0<a href=\"https:\/\/g1.globo.com\/economia\/noticia\/2020\/01\/10\/inflacao-oficial-fecha-2019-em-431percent.ghtml\">o IPCA subiu 4,31% e ficou acima do centro da meta<\/a>, influenciado pelo alta do pre\u00e7o das carnes. Neste ano, a proje\u00e7\u00e3o do relat\u00f3rio do Focus, do Banco Central,\u00a0<a href=\"https:\/\/g1.globo.com\/economia\/noticia\/2020\/02\/10\/mercado-volta-a-prever-queda-na-inflacao-oficial-de-2020-informa-bc.ghtml\">indica que a infla\u00e7\u00e3o deve terminar o ano em 3,25%<\/a>.<\/p>\n\n\n\n<p><br><br>Fonte: www.g1.globo.com<\/p>\n","protected":false},"excerpt":{"rendered":"<p>&#8216;Efeito Amazon&#8217;: com a populariza\u00e7\u00e3o de aplicativos de transportes e compras em geral, concorr\u00eancia aumentou em v\u00e1rios setores e, com oferta maior, tend\u00eancia \u00e9 de queda dos pre\u00e7os.<\/p>\n","protected":false},"author":3,"featured_media":2379,"comment_status":"closed","ping_status":"open","sticky":false,"template":"","format":"standard","meta":[],"categories":[2],"tags":[],"_links":{"self":[{"href":"https:\/\/www.confere.org.br\/wordpress\/wp-json\/wp\/v2\/posts\/2370"}],"collection":[{"href":"https:\/\/www.confere.org.br\/wordpress\/wp-json\/wp\/v2\/posts"}],"about":[{"href":"https:\/\/www.confere.org.br\/wordpress\/wp-json\/wp\/v2\/types\/post"}],"author":[{"embeddable":true,"href":"https:\/\/www.confere.org.br\/wordpress\/wp-json\/wp\/v2\/users\/3"}],"replies":[{"embeddable":true,"href":"https:\/\/www.confere.org.br\/wordpress\/wp-json\/wp\/v2\/comments?post=2370"}],"version-history":[{"count":3,"href":"https:\/\/www.confere.org.br\/wordpress\/wp-json\/wp\/v2\/posts\/2370\/revisions"}],"predecessor-version":[{"id":2388,"href":"https:\/\/www.confere.org.br\/wordpress\/wp-json\/wp\/v2\/posts\/2370\/revisions\/2388"}],"wp:featuredmedia":[{"embeddable":true,"href":"https:\/\/www.confere.org.br\/wordpress\/wp-json\/wp\/v2\/media\/2379"}],"wp:attachment":[{"href":"https:\/\/www.confere.org.br\/wordpress\/wp-json\/wp\/v2\/media?parent=2370"}],"wp:term":[{"taxonomy":"category","embeddable":true,"href":"https:\/\/www.confere.org.br\/wordpress\/wp-json\/wp\/v2\/categories?post=2370"},{"taxonomy":"post_tag","embeddable":true,"href":"https:\/\/www.confere.org.br\/wordpress\/wp-json\/wp\/v2\/tags?post=2370"}],"curies":[{"name":"wp","href":"https:\/\/api.w.org\/{rel}","templated":true}]}}