{"id":2389,"date":"2020-02-12T10:16:00","date_gmt":"2020-02-12T12:16:00","guid":{"rendered":"http:\/\/www.confere.org.br\/wordpress\/?p=2389"},"modified":"2020-02-13T10:21:22","modified_gmt":"2020-02-13T12:21:22","slug":"para-analistas-dolar-pode-chegar-em-breve-aos-r-440-o-que-faria-a-moeda-parar-de-subir","status":"publish","type":"post","link":"https:\/\/www.confere.org.br\/wordpress\/para-analistas-dolar-pode-chegar-em-breve-aos-r-440-o-que-faria-a-moeda-parar-de-subir\/","title":{"rendered":"Para analistas, d\u00f3lar pode chegar em breve aos R$ 4,40: o que faria a moeda parar de subir?"},"content":{"rendered":"\n<p>Sendo dia de \u00e2nimo ou de avers\u00e3o ao risco nos mercados mundiais, o d\u00f3lar segue batendo sess\u00e3o ap\u00f3s sess\u00e3o recorde em termos nominais, mostrando que a alta da moeda americana veio mesmo para ficar. Na sess\u00e3o desta quarta-feira, o d\u00f3lar comercial superou os R$ 4,35, renovando m\u00e1xima hist\u00f3rica intradi\u00e1ria, ap\u00f3s encerrar a \u00faltima ter\u00e7a-feira em um novo recorde de fechamento a R$ 4,3269.<\/p>\n\n\n\n<p>Com isso, apenas em 2020, a valoriza\u00e7\u00e3o da moeda ultrapassa os 8% \u2013 e a expectativa de analistas e economistas \u00e9 de que o real ainda n\u00e3o vai encontrar for\u00e7as para subir. Pelo contr\u00e1rio, o d\u00f3lar pode se valorizar ainda mais.<\/p>\n\n\n\n<p>O Credit Suisse, que na semana passada apontou que o<a href=\"https:\/\/www.infomoney.com.br\/mercados\/dolar-pode-subir-para-r-430-no-curto-prazo-com-dados-da-economia-e-reflexo-do-coronavirus-aponta-credit-suisse\/\">\u00a0d\u00f3lar poderia chegar a R$ 4,30<\/a>\u00a0com dados fracos da economia nacional e reflexo do coronav\u00edrus, apontou em novo relat\u00f3rio que a moeda americana pode ser negociada entre o intervalo de R$ 4,25 e R$ 4,45 \u00a0no curto prazo.<\/p>\n\n\n\n<p>Alvise Marino, estrategista do banco su\u00ed\u00e7o, destaca como principal motivo para esta vis\u00e3o o ganho com<a href=\"https:\/\/www.infomoney.com.br\/mercados\/o-que-e-carry-trade-e-por-que-isso-pode-fazer-o-dolar-subir-nos-proximos-meses\/\">&nbsp;carry trade<\/a>&nbsp;(combina\u00e7\u00e3o entre fazer uma posi\u00e7\u00e3o vendida em moeda com taxa de juros mais baixa e outra comprada em moeda com juro mais alto) cada vez menor no Brasil, uma vez que as taxas de juros no pa\u00eds est\u00e3o historicamente baixas.<\/p>\n\n\n\n<p>Al\u00e9m disso, aponta, h\u00e1 uma forte percep\u00e7\u00e3o entre os investidores, observada atrav\u00e9s do posicionamento dos investidores no mercado de c\u00e2mbio, de que o Banco Central ir\u00e1 interferir no mercado caso o d\u00f3lar atinja novos picos. Contudo, o Credit tem uma vis\u00e3o cautelosa sobre poss\u00edveis interven\u00e7\u00f5es da autoridade monet\u00e1ria, percep\u00e7\u00e3o esta compartilhada pelo Morgan Stanley.<\/p>\n\n\n\n<p>\u201cApesar do d\u00f3lar estar nas m\u00e1ximas hist\u00f3ricas, a probabilidade do BC entrar em a\u00e7\u00e3o permanece baixa\u201d, apontam os estrategistas do Morgan, enquanto as expectativas de infla\u00e7\u00e3o permanecem baixas. O \u00faltimo Focus, divulgado na segunda-feira,&nbsp;<a href=\"https:\/\/www.infomoney.com.br\/economia\/mercado-reduz-projecao-para-inflacao-em-2020-pela-6a-semana\/\">reduziu de forma expressiva<\/a>&nbsp;e pela sexta semana seguida a proje\u00e7\u00e3o para o \u00cdndice de Pre\u00e7os ao Consumidor Amplo (IPCA) para 2020, passando de 3,40% para 3,25%. \u201cA sinaliza\u00e7\u00e3o das autoridades sugere que eles est\u00e3o confort\u00e1veis com o d\u00f3lar nos n\u00edveis atuais\u201d, complementa a equipe do banco.<\/p>\n\n\n\n<p>A \u00faltima vez que o BC atuou mais fortemente foi em novembro de 2019. Na ocasi\u00e3o, o BC fez leil\u00e3o de d\u00f3lar em duas ocasi\u00f5es apenas no dia 26 daquele m\u00eas, com a justificativa de que o real estava disfuncional e descolado de outras moedas. As interven\u00e7\u00f5es se seguiram e, no dia 28, houve leil\u00e3o \u00e0 vista de US$ 1 bilh\u00e3o, que ajudou a impulsionar a cota\u00e7\u00e3o do real em mais de 1% nas negocia\u00e7\u00f5es intradi\u00e1rias. Por\u00e9m, por enquanto, os economistas n\u00e3o esperam uma atua\u00e7\u00e3o desta magnitude, uma vez que ela ocorreu, segundo a pr\u00f3pria autoridade monet\u00e1ria, por conta da forte volatilidade da moeda.<\/p>\n\n\n\n<h4><br><strong>H\u00e1 chances do d\u00f3lar voltar a cair?<\/strong><\/h4>\n\n\n\n<p>Para o Credit, o que poderia fazer com que o d\u00f3lar perdesse for\u00e7a no curto prazo, sendo negociado por volta do R$ 4,25, seria a mudan\u00e7a do discurso do Comit\u00ea de Pol\u00edtica Monet\u00e1ria (Copom). Na avalia\u00e7\u00e3o do banco, apesar de ter cortado a Selic de 4,5% para 4,25% em reuni\u00e3o do \u00faltimo dia 5 de fevereiro, o Comit\u00ea indiciou menor flexibilidade na pol\u00edtica monet\u00e1ria e fez com que os investidores interpretassem a mensagem como um fim do ciclo de cortes. A princ\u00edpio, isso poderia levar a uma alta do real, j\u00e1 que os ganhos com carry trade, ainda que baixos, n\u00e3o diminu\u00edram ainda mais.<\/p>\n\n\n\n<p>Por\u00e9m, com uma ata da reuni\u00e3o que ampliou os questionamentos sobre se o fim do ciclo realmente ocorrer\u00e1 ou se h\u00e1 uma porta aberta para novos cortes (veja a an\u00e1lise completa<a href=\"https:\/\/www.infomoney.com.br\/economia\/mais-cortes-de-juros-ou-fim-do-ciclo-ata-divide-economistas-sobre-proximos-passos-do-copom\/\">\u00a0clicando aqui<\/a>), seguindo-se dos dados do IPCA de janeiro na sexta e de vendas no varejo abaixo do esperado nesta quarta, o real n\u00e3o encontra for\u00e7as para subir. Nesta quarta, por exemplo, a moeda brasileira chegou a registrar o quarto pior desempenho entre os emergentes, mesmo com o al\u00edvio no exterior por conta dos menores temores sobre o coronav\u00edrus.<\/p>\n\n\n\n<p>\u201cO IPCA e vendas no varejo n\u00e3o permitiram a retirada total de apostas de novo corte da Selic este ano e este \u00e9 um dos fatores que ajuda a manter o d\u00f3lar em alta\u201d, avalia o diretor da Wagner Investimentos, Jos\u00e9 Faria J\u00fanior, que segue com o alerta da possibilidade da moeda americana se aproximar dos R$ 4,40.<\/p>\n\n\n\n<p>Para Faria, o real est\u00e1 proporcionalmente mais fraco na compara\u00e7\u00e3o com outras diversas moedas tamb\u00e9m por conta da aus\u00eancia de maior fluxo para o pa\u00eds e pela fraqueza das commodities (com as cota\u00e7\u00f5es do petr\u00f3leo e do min\u00e9rio de ferro sendo especialmente impactadas com o surto de coronav\u00edrus). \u201cAssim, uma recupera\u00e7\u00e3o das commodities com algum fluxo adicional poderiam ser motivadores da queda do d\u00f3lar\u201d, avalia. No m\u00e9dio e no longo prazo, contudo, a tend\u00eancia segue de alta para a moeda americana.<\/p>\n\n\n\n<p>Al\u00e9m disso, Matheus Soares, analista da Rico Investimentos, ressalta em relat\u00f3rio que o fluxo de estrangeiro poderia voltar sem os juros altos caso o Brasil mostre for\u00e7as para voltar a crescer. Desta forma, os \u00faltimos dados fracos da economia n\u00e3o ajudam na entrada do investidor de fora. \u201cO mercado espera uma alta de 2,3% [do PIB] neste ano e 2,5% em 2021. O problema \u00e9 que nos \u00faltimos anos o crescimento n\u00e3o veio como o esperado, e como o estrangeiro tem mais alternativas al\u00e9m do Brasil, ele s\u00f3 vir\u00e1 pra c\u00e1 quando a economia crescer consistentemente\u201d, afirma.<\/p>\n\n\n\n<p>Enquanto isso, nos EUA, os dados de servi\u00e7o e de ind\u00fastria surpreenderam positivamente as estimativas do mercado, enquanto a temporada de resultados tamb\u00e9m aponta para um ambiente econ\u00f4mico saud\u00e1vel: quase 80% das empresas listadas no S&amp;P500 reportaram seus n\u00fameros, sendo que cerca de 60% delas superaram o consenso de lucro.<\/p>\n\n\n\n<p>Assim, a combina\u00e7\u00e3o do Brasil diminuindo juros sem apresentar crescimento expressivo (o que tirou a atratividade do real para o investidor estrangeiro), o fato dos EUA estarem mais atrativos em meio \u00e0 economia mais forte e o \u201crisco coronav\u00edrus\u201d impactando emergentes faz com que o d\u00f3lar siga em alta.<\/p>\n\n\n\n<p>Somando-se isso \u00e0 relativa tranquilidade do Banco Central em n\u00e3o atuar no c\u00e2mbio, alinhado ainda ao discurso constante de que a<a href=\"https:\/\/www.infomoney.com.br\/economia\/campos-neto-ve-bancos-com-pedaco-menor-da-torta-de-servicos-e-aponta-razoes-para-estrangeiros-terem-saido-da-bolsa\/\">\u00a0alta da moeda americana n\u00e3o \u00e9 reflexo da piora dos fundamentos da economia<\/a>, corrobora a avalia\u00e7\u00e3o de que o d\u00f3lar, mesmo que n\u00e3o suba, n\u00e3o encontrar\u00e1 tanto espa\u00e7o para fortes baixas. O Credit, avalia que, caso a moeda americana volte para os R$ 4,25, essa pode ser uma boa oportunidade para ficar comprado, mostrando que os dias de d\u00f3lar abaixo dos R$ 4,00 est\u00e3o longe de retornar.<\/p>\n\n\n\n<p><\/p>\n\n\n\n<p><br><br>Fonte: www.infomoney.com.br <\/p>\n","protected":false},"excerpt":{"rendered":"<p>Cen\u00e1rio de juros baixos e economia brasileira sem tanta for\u00e7a corroboram ambiente de d\u00f3lar em alta; com isso, real n\u00e3o deve encontrar for\u00e7as para subir<\/p>\n","protected":false},"author":3,"featured_media":2390,"comment_status":"closed","ping_status":"open","sticky":false,"template":"","format":"standard","meta":[],"categories":[2],"tags":[],"_links":{"self":[{"href":"https:\/\/www.confere.org.br\/wordpress\/wp-json\/wp\/v2\/posts\/2389"}],"collection":[{"href":"https:\/\/www.confere.org.br\/wordpress\/wp-json\/wp\/v2\/posts"}],"about":[{"href":"https:\/\/www.confere.org.br\/wordpress\/wp-json\/wp\/v2\/types\/post"}],"author":[{"embeddable":true,"href":"https:\/\/www.confere.org.br\/wordpress\/wp-json\/wp\/v2\/users\/3"}],"replies":[{"embeddable":true,"href":"https:\/\/www.confere.org.br\/wordpress\/wp-json\/wp\/v2\/comments?post=2389"}],"version-history":[{"count":3,"href":"https:\/\/www.confere.org.br\/wordpress\/wp-json\/wp\/v2\/posts\/2389\/revisions"}],"predecessor-version":[{"id":2396,"href":"https:\/\/www.confere.org.br\/wordpress\/wp-json\/wp\/v2\/posts\/2389\/revisions\/2396"}],"wp:featuredmedia":[{"embeddable":true,"href":"https:\/\/www.confere.org.br\/wordpress\/wp-json\/wp\/v2\/media\/2390"}],"wp:attachment":[{"href":"https:\/\/www.confere.org.br\/wordpress\/wp-json\/wp\/v2\/media?parent=2389"}],"wp:term":[{"taxonomy":"category","embeddable":true,"href":"https:\/\/www.confere.org.br\/wordpress\/wp-json\/wp\/v2\/categories?post=2389"},{"taxonomy":"post_tag","embeddable":true,"href":"https:\/\/www.confere.org.br\/wordpress\/wp-json\/wp\/v2\/tags?post=2389"}],"curies":[{"name":"wp","href":"https:\/\/api.w.org\/{rel}","templated":true}]}}