{"id":244,"date":"2019-09-18T10:51:08","date_gmt":"2019-09-18T13:51:08","guid":{"rendered":"http:\/\/www.confere.org.br\/wordpress\/?p=244"},"modified":"2019-11-29T11:21:06","modified_gmt":"2019-11-29T14:21:06","slug":"modelo-de-contrato","status":"publish","type":"post","link":"https:\/\/www.confere.org.br\/wordpress\/modelo-de-contrato\/","title":{"rendered":"Modelo de Contrato"},"content":{"rendered":"\n<p style=\"text-align:left\">O contrato garante que as condi\u00e7\u00f5es acordadas entre as partes seja cumprida \u00e0 risca, principalmente em casos de rescis\u00e3o.  <\/p>\n\n\n\n<div style=\"height:30px\" aria-hidden=\"true\" class=\"wp-block-spacer\"><\/div>\n\n\n\n<p style=\"text-align:left\"><\/p>\n\n\n\n<p>&nbsp;De acordo com o Art. 27.  da <a href=\"https:\/\/www.confere.org.br\/pdf\/Lei-n-4886-de-9-de-dezembro-de-1965.pdf\" target=\"_blank\" rel=\"noreferrer noopener\" aria-label=\"Lei n\u00ba 4.886\/65 (abre numa nova aba)\">Lei n\u00ba 4.886\/65<\/a>, no contrato de Representa\u00e7\u00e3o Comercial, al\u00e9m dos elementos comuns e outros a ju\u00edzo dos interessados, dever\u00e3o constar obrigatoriamente:&nbsp;&nbsp;&nbsp;&nbsp;&nbsp;&nbsp;&nbsp;&nbsp;&nbsp;<\/p>\n\n\n\n<p>&nbsp;&nbsp;&nbsp;&nbsp;&nbsp;&nbsp;&nbsp; a) condi\u00e7\u00f5es e requisitos gerais da representa\u00e7\u00e3o;<\/p>\n\n\n\n<p>&nbsp;&nbsp;&nbsp;&nbsp;&nbsp;&nbsp;&nbsp; b) indica\u00e7\u00e3o gen\u00e9rica ou espec\u00edfica dos produtos ou artigos objeto da representa\u00e7\u00e3o;<\/p>\n\n\n\n<p>&nbsp;&nbsp;&nbsp;&nbsp;&nbsp;&nbsp;&nbsp; c) prazo certo ou indeterminado da representa\u00e7\u00e3o<\/p>\n\n\n\n<p>&nbsp;&nbsp;&nbsp;&nbsp;&nbsp;&nbsp; &nbsp;d) indica\u00e7\u00e3o da zona ou zonas em que ser\u00e1 exercida a representa\u00e7\u00e3o;<\/p>\n\n\n\n<p>&nbsp;&nbsp;&nbsp;&nbsp;&nbsp;&nbsp;&nbsp; e) garantia ou n\u00e3o, parcial ou total, ou por certo prazo, da exclusividade de zona ou setor de zona;<\/p>\n\n\n\n<p>&nbsp;&nbsp;&nbsp;&nbsp;&nbsp;&nbsp;&nbsp; f) retribui\u00e7\u00e3o e \u00e9poca do pagamento, pelo exerc\u00edcio da representa\u00e7\u00e3o, dependente da efetiva realiza\u00e7\u00e3o dos neg\u00f3cios, e recebimento, ou n\u00e3o, pelo representado, dos valores respectivos;<\/p>\n\n\n\n<p>&nbsp;&nbsp;&nbsp;&nbsp;&nbsp;&nbsp;&nbsp; g) os casos em que se justifique a restri\u00e7\u00e3o de zona concedida com exclusividade;<\/p>\n\n\n\n<p>&nbsp;&nbsp;&nbsp;&nbsp;&nbsp;&nbsp;&nbsp; h) obriga\u00e7\u00f5es e responsabilidades das partes contratantes:<\/p>\n\n\n\n<p>&nbsp;&nbsp;&nbsp;&nbsp;&nbsp;&nbsp;&nbsp; i) exerc\u00edcio exclusivo ou n\u00e3o da representa\u00e7\u00e3o a favor do representado;<\/p>\n\n\n\n<p>&nbsp;&nbsp;&nbsp;&nbsp;&nbsp; &nbsp;&nbsp;j) indeniza\u00e7\u00e3o devida ao representante pela rescis\u00e3o do contrato fora dos casos previstos no art. 35, cujo montante n\u00e3o poder\u00e1 ser inferior a 1\/12 (um doze avos) do total da retribui\u00e7\u00e3o auferida durante o tempo em que exerceu a representa\u00e7\u00e3o.&nbsp;&nbsp;&nbsp;&nbsp;&nbsp;<\/p>\n\n\n\n<div style=\"height:60px\" aria-hidden=\"true\" class=\"wp-block-spacer\"><\/div>\n\n\n\n<figure class=\"wp-block-image is-resized\"><a href=\"https:\/\/www.confere.org.br\/wordpress\/wp-content\/uploads\/2019\/09\/Modelo-de-Contrato.pdf\" target=\"_blank\" rel=\"noreferrer noopener\"><img src=\"https:\/\/www.confere.org.br\/wordpress\/wp-content\/uploads\/2019\/09\/icone_pdf-150x150.png\" alt=\"\" class=\"wp-image-353\" width=\"40\" height=\"60\"\/><\/a><\/figure>\n\n\n\n<p style=\"text-align:left\"><strong><a target=\"_blank\" href=\"https:\/\/www.confere.org.br\/wordpress\/wp-content\/uploads\/2019\/09\/Modelo-de-Contrato.pdf\" rel=\"noopener noreferrer\">Baixar Modelo de Contrato<\/a><\/strong><\/p>\n\n\n\n<p><\/p>\n","protected":false},"excerpt":{"rendered":"<p>O contrato garante que as condi\u00e7\u00f5es acordadas entre as partes seja cumprida \u00e0 risca, principalmente em casos de rescis\u00e3o. &nbsp;De acordo com o Art. 27. da Lei n\u00ba 4.886\/65, no contrato de Representa\u00e7\u00e3o Comercial, al\u00e9m dos elementos comuns e outros a ju\u00edzo dos interessados, dever\u00e3o constar obrigatoriamente:&nbsp;&nbsp;&nbsp;&nbsp;&nbsp;&nbsp;&nbsp;&nbsp;&nbsp; &nbsp;&nbsp;&nbsp;&nbsp;&nbsp;&nbsp;&nbsp; a) condi\u00e7\u00f5es e requisitos gerais da representa\u00e7\u00e3o; &hellip; <\/p>\n<p class=\"link-more\"><a href=\"https:\/\/www.confere.org.br\/wordpress\/modelo-de-contrato\/\" class=\"more-link\">Continue lendo<span class=\"screen-reader-text\"> &#8220;Modelo de Contrato&#8221;<\/span><\/a><\/p>\n","protected":false},"author":3,"featured_media":0,"comment_status":"closed","ping_status":"open","sticky":false,"template":"","format":"standard","meta":[],"categories":[15],"tags":[],"_links":{"self":[{"href":"https:\/\/www.confere.org.br\/wordpress\/wp-json\/wp\/v2\/posts\/244"}],"collection":[{"href":"https:\/\/www.confere.org.br\/wordpress\/wp-json\/wp\/v2\/posts"}],"about":[{"href":"https:\/\/www.confere.org.br\/wordpress\/wp-json\/wp\/v2\/types\/post"}],"author":[{"embeddable":true,"href":"https:\/\/www.confere.org.br\/wordpress\/wp-json\/wp\/v2\/users\/3"}],"replies":[{"embeddable":true,"href":"https:\/\/www.confere.org.br\/wordpress\/wp-json\/wp\/v2\/comments?post=244"}],"version-history":[{"count":29,"href":"https:\/\/www.confere.org.br\/wordpress\/wp-json\/wp\/v2\/posts\/244\/revisions"}],"predecessor-version":[{"id":1960,"href":"https:\/\/www.confere.org.br\/wordpress\/wp-json\/wp\/v2\/posts\/244\/revisions\/1960"}],"wp:attachment":[{"href":"https:\/\/www.confere.org.br\/wordpress\/wp-json\/wp\/v2\/media?parent=244"}],"wp:term":[{"taxonomy":"category","embeddable":true,"href":"https:\/\/www.confere.org.br\/wordpress\/wp-json\/wp\/v2\/categories?post=244"},{"taxonomy":"post_tag","embeddable":true,"href":"https:\/\/www.confere.org.br\/wordpress\/wp-json\/wp\/v2\/tags?post=244"}],"curies":[{"name":"wp","href":"https:\/\/api.w.org\/{rel}","templated":true}]}}