{"id":2454,"date":"2020-02-17T08:51:45","date_gmt":"2020-02-17T11:51:45","guid":{"rendered":"http:\/\/www.confere.org.br\/wordpress\/?p=2454"},"modified":"2020-02-17T08:51:45","modified_gmt":"2020-02-17T11:51:45","slug":"imposto-de-renda-receita-paga-nesta-segunda-restituicoes-de-lote-residual","status":"publish","type":"post","link":"https:\/\/www.confere.org.br\/wordpress\/imposto-de-renda-receita-paga-nesta-segunda-restituicoes-de-lote-residual\/","title":{"rendered":"Imposto de Renda: Receita paga nesta segunda restitui\u00e7\u00f5es de lote residual"},"content":{"rendered":"\n<p>A Receita Federal paga nesta segunda-feira (17) as restitui\u00e7\u00f5es de lote residual do Imposto de Renda de Pessoa F\u00edsica, referentes aos exerc\u00edcios de 2008 a 2019.<\/p>\n\n\n\n<p>Ao todo, 116.188 contribuintes receber\u00e3o R$ 297 milh\u00f5es em 17 de fevereiro, de acordo com a Receita. Destes, R$ 184,5 milh\u00f5es s\u00e3o referentes ao IR 2019, pagos a 77.200 contribuintes.<\/p>\n\n\n\n<p>Os lotes residuais s\u00e3o os de contribuintes que ca\u00edram na malha fina do IR, mas depois regularizaram as pend\u00eancias.<\/p>\n\n\n\n<p><a href=\"https:\/\/servicos.receita.fazenda.gov.br\/Servicos\/ConsRest\/Atual.app\/paginas\/index.asp\" target=\"_blank\" rel=\"noreferrer noopener\">CLIQUE AQUI<\/a>&nbsp;para consultar se voc\u00ea est\u00e1 no lote de restitui\u00e7\u00e3o.<\/p>\n\n\n\n<p>O \u00f3rg\u00e3o tamb\u00e9m disponibiliza um aplicativo para tablets e smartphones para consulta de informa\u00e7\u00f5es sobre a restitui\u00e7\u00e3o do IR e a situa\u00e7\u00e3o cadastral do CPF.<\/p>\n\n\n\n<p>Do valor total de restitui\u00e7\u00f5es, R$ 133,46 milh\u00f5es referem-se a contribuintes com prioridade no recebimento dos valores (idosos acima de 80 anos, contribuintes entre 60 e 79 anos, pessoas com alguma defici\u00eancia f\u00edsica ou mental ou mol\u00e9stia grave e aqueles cuja maior fonte de renda seja o magist\u00e9rio).<\/p>\n\n\n\n<p>As restitui\u00e7\u00f5es referentes ao exerc\u00edcio de 2019 ter\u00e3o corre\u00e7\u00e3o de 5,15%, referente \u00e0 taxa Selic entre os meses de maio e fevereiro.<\/p>\n\n\n\n<h4><br>Malha fina<\/h4>\n\n\n\n<p>No fim do ano passado, a Receita Federal informou que&nbsp;<a href=\"https:\/\/g1.globo.com\/economia\/imposto-de-renda\/2019\/noticia\/2019\/12\/09\/700221-contribuintes-estao-na-malha-fina-do-imposto-de-renda-diz-receita-federal.ghtml\">700 mil declara\u00e7\u00f5es estavam retidas na malha fina do IR de 2019<\/a>&nbsp;devido a inconsist\u00eancias nas informa\u00e7\u00f5es prestadas.<\/p>\n\n\n\n<p>Nos \u00faltimos anos, a omiss\u00e3o de rendimentos foi o principal motivo para cair na malha fina, seguido por inconsist\u00eancias na declara\u00e7\u00e3o de despesas m\u00e9dicas.<\/p>\n\n\n\n<p>Para saber se est\u00e1 na malha fina, os contribuintes podem acessar o &#8220;extrato&#8221; do Imposto de Renda no site da Receita Federal no chamado e-CAC (Centro Virtual de Atendimento).<\/p>\n\n\n\n<p>Para acessar o extrato do IR \u00e9 necess\u00e1rio utilizar o c\u00f3digo de acesso gerado na pr\u00f3pria p\u00e1gina da Receita Federal, ou certificado digital emitido por autoridade habilitada.<\/p>\n\n\n\n<p> <a rel=\"noreferrer noopener\" href=\"http:\/\/idg.receita.fazenda.gov.br\/interface\/atendimento-virtual\/arquivos-e-imagens\/passo-a-passocodigodeacesso.pdf\" target=\"_blank\">Veja o passo a passo do extrato do IR<\/a> <\/p>\n\n\n\n<p>Ap\u00f3s verificar quais inconsist\u00eancias foram encontradas pela Receita Federal na declara\u00e7\u00e3o do Imposto de Renda, o contribuinte pode enviar uma declara\u00e7\u00e3o retificadora.<\/p>\n\n\n\n<p>Quando a situa\u00e7\u00e3o for resolvida, o contribuinte sai da malha fina e, caso tenha direito, a restitui\u00e7\u00e3o ser\u00e1 inclu\u00edda nos lotes residuais do Imposto de Renda.<\/p>\n","protected":false},"excerpt":{"rendered":"<p>\u00d3rg\u00e3o pagar\u00e1 R$ 297 milh\u00f5es a 116.188 contribuintes. Desse montante, R$ 184,5 milh\u00f5es se referem ao Imposto de Renda do ano passado.<\/p>\n","protected":false},"author":3,"featured_media":2455,"comment_status":"closed","ping_status":"open","sticky":false,"template":"","format":"standard","meta":[],"categories":[2],"tags":[],"_links":{"self":[{"href":"https:\/\/www.confere.org.br\/wordpress\/wp-json\/wp\/v2\/posts\/2454"}],"collection":[{"href":"https:\/\/www.confere.org.br\/wordpress\/wp-json\/wp\/v2\/posts"}],"about":[{"href":"https:\/\/www.confere.org.br\/wordpress\/wp-json\/wp\/v2\/types\/post"}],"author":[{"embeddable":true,"href":"https:\/\/www.confere.org.br\/wordpress\/wp-json\/wp\/v2\/users\/3"}],"replies":[{"embeddable":true,"href":"https:\/\/www.confere.org.br\/wordpress\/wp-json\/wp\/v2\/comments?post=2454"}],"version-history":[{"count":1,"href":"https:\/\/www.confere.org.br\/wordpress\/wp-json\/wp\/v2\/posts\/2454\/revisions"}],"predecessor-version":[{"id":2456,"href":"https:\/\/www.confere.org.br\/wordpress\/wp-json\/wp\/v2\/posts\/2454\/revisions\/2456"}],"wp:featuredmedia":[{"embeddable":true,"href":"https:\/\/www.confere.org.br\/wordpress\/wp-json\/wp\/v2\/media\/2455"}],"wp:attachment":[{"href":"https:\/\/www.confere.org.br\/wordpress\/wp-json\/wp\/v2\/media?parent=2454"}],"wp:term":[{"taxonomy":"category","embeddable":true,"href":"https:\/\/www.confere.org.br\/wordpress\/wp-json\/wp\/v2\/categories?post=2454"},{"taxonomy":"post_tag","embeddable":true,"href":"https:\/\/www.confere.org.br\/wordpress\/wp-json\/wp\/v2\/tags?post=2454"}],"curies":[{"name":"wp","href":"https:\/\/api.w.org\/{rel}","templated":true}]}}