{"id":2471,"date":"2020-02-18T09:53:00","date_gmt":"2020-02-18T12:53:00","guid":{"rendered":"http:\/\/www.confere.org.br\/wordpress\/?p=2471"},"modified":"2020-02-19T11:19:05","modified_gmt":"2020-02-19T14:19:05","slug":"programa-brasil-mais-tera-r-1-bi-e-buscara-otimizar-200-mil-empresas","status":"publish","type":"post","link":"https:\/\/www.confere.org.br\/wordpress\/programa-brasil-mais-tera-r-1-bi-e-buscara-otimizar-200-mil-empresas\/","title":{"rendered":"Programa Brasil Mais ter\u00e1 R$ 1 bi e buscar\u00e1 otimizar 200 mil empresas"},"content":{"rendered":"\n<p>O \u201cPrograma Brasil Mais\u201d, anunciado nesta ter\u00e7a-feira (18) pelo governo federal, receber\u00e1 investimento de cerca de R$ 1 bilh\u00e3o, afirmou o porta-voz da presid\u00eancia da Rep\u00fablica, Ot\u00e1vio R\u00eago Barros.<\/p>\n\n\n\n<p>Tendo como meta o aumento da efici\u00eancia das empresas, o programa foi dividido em quatro linhas: uma focada em otimiza\u00e7\u00e3o, envolvendo 200 mil empresas; outra, voltada \u00e0 transforma\u00e7\u00e3o digital, com 50 mil empresas; o ramo da chamada Economia 4.0 afetar\u00e1 seis mil empresas, e uma \u00faltima, de \u201cconduta ou sensibiliza\u00e7\u00e3o\u201d, que envolve dois milh\u00f5es de pessoas.<\/p>\n\n\n\n<p>As informa\u00e7\u00f5es foram repassadas pelo porta-voz ap\u00f3s a cerim\u00f4nia de lan\u00e7amento do \u201cBrasil Mais\u201d ter sido cancelada.<\/p>\n\n\n\n<p>Segundo R\u00eago Barros, o programa ir\u00e1 integrar os servi\u00e7os do Senai e Sebrae e disponibilizar uma plataforma \u00fanica para iniciativas e para \u201cdifus\u00e3o de informa\u00e7\u00f5es e oportunidades para o aperfei\u00e7oamento cont\u00ednuo, o aumento da produtividade e a transforma\u00e7\u00e3o digital das empresas brasileiras, com foco especial nas de micro, pequeno e m\u00e9dio porte\u201d.<\/p>\n\n\n\n<p>O porta-voz afirmou tamb\u00e9m que o \u201cBrasil Mais\u201d ser\u00e1 o 2\u00ba maior programa de produtividade do mundo e o maior em transforma\u00e7\u00e3o digital da Am\u00e9rica Latina.<\/p>\n\n\n\n<p>Nota divulgada mais cedo pelo Minist\u00e9rio da Economia informou a meta do programa \u00e9 aumentar a efici\u00eancia das empresas e oferecer solu\u00e7\u00f5es de baixo custo para melhoria de gest\u00e3o e pr\u00e1ticas produtivas de at\u00e9 200 mil micro, pequenas e m\u00e9dias firmas at\u00e9 2022.<\/p>\n\n\n\n<p><br>Fonte: www.infomoney.com.br<\/p>\n","protected":false},"excerpt":{"rendered":"<p>A meta do programa \u00e9 aumentar a efici\u00eancia das empresas e oferecer solu\u00e7\u00f5es de baixo custo para melhoria de gest\u00e3o<\/p>\n","protected":false},"author":3,"featured_media":2472,"comment_status":"closed","ping_status":"closed","sticky":false,"template":"","format":"standard","meta":[],"categories":[2],"tags":[],"_links":{"self":[{"href":"https:\/\/www.confere.org.br\/wordpress\/wp-json\/wp\/v2\/posts\/2471"}],"collection":[{"href":"https:\/\/www.confere.org.br\/wordpress\/wp-json\/wp\/v2\/posts"}],"about":[{"href":"https:\/\/www.confere.org.br\/wordpress\/wp-json\/wp\/v2\/types\/post"}],"author":[{"embeddable":true,"href":"https:\/\/www.confere.org.br\/wordpress\/wp-json\/wp\/v2\/users\/3"}],"replies":[{"embeddable":true,"href":"https:\/\/www.confere.org.br\/wordpress\/wp-json\/wp\/v2\/comments?post=2471"}],"version-history":[{"count":1,"href":"https:\/\/www.confere.org.br\/wordpress\/wp-json\/wp\/v2\/posts\/2471\/revisions"}],"predecessor-version":[{"id":2473,"href":"https:\/\/www.confere.org.br\/wordpress\/wp-json\/wp\/v2\/posts\/2471\/revisions\/2473"}],"wp:featuredmedia":[{"embeddable":true,"href":"https:\/\/www.confere.org.br\/wordpress\/wp-json\/wp\/v2\/media\/2472"}],"wp:attachment":[{"href":"https:\/\/www.confere.org.br\/wordpress\/wp-json\/wp\/v2\/media?parent=2471"}],"wp:term":[{"taxonomy":"category","embeddable":true,"href":"https:\/\/www.confere.org.br\/wordpress\/wp-json\/wp\/v2\/categories?post=2471"},{"taxonomy":"post_tag","embeddable":true,"href":"https:\/\/www.confere.org.br\/wordpress\/wp-json\/wp\/v2\/tags?post=2471"}],"curies":[{"name":"wp","href":"https:\/\/api.w.org\/{rel}","templated":true}]}}