{"id":2479,"date":"2020-02-28T10:07:03","date_gmt":"2020-02-28T13:07:03","guid":{"rendered":"https:\/\/www.confere.org.br\/wordpress\/?p=2479"},"modified":"2020-02-28T10:07:03","modified_gmt":"2020-02-28T13:07:03","slug":"chuvas-recuperam-hidreletricas-e-conta-de-luz-deve-manter-bandeira-tarifaria-verde","status":"publish","type":"post","link":"https:\/\/www.confere.org.br\/wordpress\/chuvas-recuperam-hidreletricas-e-conta-de-luz-deve-manter-bandeira-tarifaria-verde\/","title":{"rendered":"Chuvas recuperam hidrel\u00e9tricas e conta de luz deve manter bandeira tarif\u00e1ria verde"},"content":{"rendered":"\n<p>A trajet\u00f3ria, que deve-se \u00e0 intensifica\u00e7\u00e3o das chuvas na regi\u00e3o das usinas a partir do final de janeiro e a um consumo de eletricidade abaixo das expectativas iniciais, deve representar al\u00edvio no bolso dos brasileiros, ao manter as contas de luz sem cobran\u00e7as adicionais geradas pelas chamadas bandeiras tarif\u00e1rias, disseram especialistas \u00e0 Reuters.<\/p>\n\n\n\n<p>Se confirmadas as atuais proje\u00e7\u00f5es otimistas, os lagos das hidrel\u00e9tricas do Sudeste poderiam alcan\u00e7ar o melhor n\u00edvel desde 2016 ao fim do per\u00edodo tradicional de chuva na regi\u00e3o das usinas, que vai de novembro a abril, enquanto no Nordeste os volumes ficariam pr\u00f3ximos do registrado em 2012.<\/p>\n\n\n\n<p>As precipita\u00e7\u00f5es t\u00eam sido fortes no Brasil neste ano, mas at\u00e9 a reta final de janeiro a \u00e1gua ainda ca\u00eda principalmente em pontos distantes dos principais reservat\u00f3rios h\u00eddricos, o que gerava algum temor de que fosse necess\u00e1rio acionar termel\u00e9tricas de custo mais elevado para atender \u00e0 demanda, gerando impactos para os consumidores.<\/p>\n\n\n\n<p>&#8220;Tivemos um pequeno susto em janeiro, um pequeno atraso, mas sem sombra de d\u00favidas houve uma compensa\u00e7\u00e3o no m\u00eas de fevereiro e no que \u00e9 esperado para mar\u00e7o. Do final de janeiro para a entrada de fevereiro, a chuva realmente &#8216;encaixou'&#8221;, disse \u00e0 Reuters o s\u00f3cio da comercializadora de energia True, Gustavo Arfux.<\/p>\n\n\n\n<p>Ele projetou que em mar\u00e7o as precipita\u00e7\u00f5es no Sudeste, onde est\u00e3o os maiores reservat\u00f3rios, poderiam superar 110% da m\u00e9dia hist\u00f3rica para o m\u00eas, contra apenas 74% em janeiro e 102% em fevereiro.<\/p>\n\n\n\n<p>Nesse cen\u00e1rio, os custos da energia para os consumidores n\u00e3o seriam elevados pelas bandeiras tarif\u00e1rias, disse o presidente da comercializadora Bolt, Gustavo Ayala. O mecanismo gera cobran\u00e7as adicionais quando sai do patamar verde para o amarelo ou vermelho, o que \u00e9 definido pela Ag\u00eancia Nacional de Energia El\u00e9trica (Aneel) de acordo com a oferta de gera\u00e7\u00e3o no sistema.<\/p>\n\n\n\n<p>&#8220;A bandeira tarif\u00e1ria ser\u00e1 verde agora para mar\u00e7o. E tamb\u00e9m, principalmente para abril, maio, a tend\u00eancia \u00e9 que seja bandeira verde, porque haver\u00e1 uma &#8216;poupan\u00e7a&#8217; nos reservat\u00f3rios&#8221;, afirmou.<\/p>\n\n\n\n<p>O in\u00edcio negativo do per\u00edodo de chuvas havia levado a Aneel a definir a bandeira tarif\u00e1ria como vermelha em novembro e amarela em dezembro e janeiro. Em fevereiro, com previs\u00f5es mais otimistas, o mecanismo ficou no patamar verde, sem custos extras.<\/p>\n\n\n\n<p>&#8220;Pelo que temos de previs\u00e3o de chuva at\u00e9 6 de mar\u00e7o, que \u00e9 uma previs\u00e3o mais certeira&#8230; j\u00e1 segura a bandeira verde at\u00e9 junho, pelo menos&#8221;, disse o presidente da Focus Energia, Alan Zelazo.<\/p>\n\n\n\n<p>Um consumo de eletricidade mais fraco no primeiro trimestre, devido a um clima mais ameno que no ano passado, tamb\u00e9m tem contribu\u00eddo para recuperar as represas.<\/p>\n\n\n\n<p>&#8220;A carga est\u00e1 &#8216;performando&#8217; abaixo (do esperado). E com o coronav\u00edrus ela deve vir mais baixa ainda. N\u00e3o tem nenhuma quest\u00e3o de falta de abastecimento (de energia). Voc\u00ea v\u00ea que os reservat\u00f3rios subiram mais r\u00e1pido do que estava previsto&#8221;, acrescentou Zelazo.<\/p>\n\n\n\n<p>O consumo de eletricidade no Brasil recuou 4,3% em janeiro e 1,9% na primeira quinzena de fevereiro, apontou a C\u00e2mara de Comercializa\u00e7\u00e3o de Energia El\u00e9trica (CCEE). No in\u00edcio de janeiro, a CCEE projetava avan\u00e7o de 4,2% no consumo em 2020, o que seria a maior alta anual desde 2013.<\/p>\n\n\n\n<p>Al\u00e9m do consumo mais fraco de energia e das chuvas, a expans\u00e3o da gera\u00e7\u00e3o e\u00f3lica no Nordeste e a opera\u00e7\u00e3o a plena carga da hidrel\u00e9trica de Belo Monte, no Par\u00e1, tamb\u00e9m t\u00eam ajudado as usinas do Sudeste e Nordeste a acumular \u00e1gua.<\/p>\n\n\n\n<p>A Focus v\u00ea reservat\u00f3rios do Sudeste em 54% da capacidade ao final de abril, contra 38% atualmente e cerca de 58% em abril de 2016. Em meados de janeiro, a regi\u00e3o havia registrado 21,5%, pior n\u00edvel para o m\u00eas desde 2015.<\/p>\n\n\n\n<p>No Nordeste, o n\u00edvel avan\u00e7ou de 39,5% em meados de janeiro para quase 59% atuais, j\u00e1 o melhor no atual per\u00edodo desde 2012. A Focus projeta avan\u00e7o para 70% do volume ao final do per\u00edodo \u00famido, ante quase 79% em abril de 2012.<\/p>\n\n\n\n<p><br><br>D\u00c9FICIT MENOR<\/p>\n\n\n\n<p>Al\u00e9m de evitar cobran\u00e7as adicionais para os consumidores de energia com as bandeiras tarif\u00e1rias ou o acionamento de termel\u00e9tricas, que depois t\u00eam custos repassados para as contas de luz, a recupera\u00e7\u00e3o dos reservat\u00f3rios tamb\u00e9m \u00e9 uma not\u00edcia positiva para empresas com portf\u00f3lio de gera\u00e7\u00e3o h\u00eddrica.<\/p>\n\n\n\n<p>Isso porque operadores de hidrel\u00e9tricas precisam comprar energia no mercado para cumprir seus compromissos quando as usinas n\u00e3o geram conforme o previsto por quest\u00f5es como o baixo n\u00edvel das represas.<\/p>\n\n\n\n<p>Esses custos, conhecidos como &#8220;risco hidrol\u00f3gico&#8221;, t\u00eam sido inclusive alvo de uma longa disputa judicial entre empresas de energia, o governo e a Ag\u00eancia Nacional de Energia El\u00e9trica (Aneel).<\/p>\n\n\n\n<p>&#8220;Essas chuvas com certeza aliviam bastante a necessidade de compra (de energia) por parte dos geradores para suprir o risco hidrol\u00f3gico. Tende a reduzir a exposi\u00e7\u00e3o dos geradores. Se esse ano come\u00e7ou com uma expectativa, a previs\u00e3o de d\u00e9ficit hidrol\u00f3gico agora \u00e9 bem menor&#8221;, disse Ayala, da Bolt.<\/p>\n\n\n\n<p>Atualmente, a Aneel tenta cobrar dos geradores uma conta de 8,24 bilh\u00f5es por custos passados com o risco hidrol\u00f3gico, ap\u00f3s empresas terem obtidos liminares na Justi\u00e7a para evitar o pagamento.<\/p>\n\n\n\n<p>O governo tem buscado viabilizar um acordo para que as empresas retirem as liminares e acertem os d\u00e9bitos em troca de uma compensa\u00e7\u00e3o parcial desses custos por meio da prorroga\u00e7\u00e3o de contratos de concess\u00e3o de usinas. O acerto, no entanto, depende da aprova\u00e7\u00e3o de um projeto de lei no Congresso.<\/p>\n\n\n\n<p>Em paralelo, a disputa segue nos tribunais. O Superior Tribunal de Justi\u00e7a (STJ) previa analisar a\u00e7\u00f5es sobre o caso na semana passada, mas o assunto acabou retirado de pauta, sem previs\u00e3o de retorno.<br><br><br>Fonte: www.extra.globo.com<\/p>\n","protected":false},"excerpt":{"rendered":"<p>Os reservat\u00f3rios das hidrel\u00e9tricas, principal fonte de gera\u00e7\u00e3o de energia do Brasil, est\u00e3o em franca recupera\u00e7\u00e3o e devem fechar abril com o maior volume armazenado para essa \u00e9poca em anos, o que representaria significativa revers\u00e3o frente ao cen\u00e1rio visto no in\u00edcio do ano, quando as principais represas chegaram a operar no menor n\u00edvel desde 2015.<\/p>\n","protected":false},"author":3,"featured_media":2480,"comment_status":"closed","ping_status":"open","sticky":false,"template":"","format":"standard","meta":[],"categories":[2],"tags":[],"_links":{"self":[{"href":"https:\/\/www.confere.org.br\/wordpress\/wp-json\/wp\/v2\/posts\/2479"}],"collection":[{"href":"https:\/\/www.confere.org.br\/wordpress\/wp-json\/wp\/v2\/posts"}],"about":[{"href":"https:\/\/www.confere.org.br\/wordpress\/wp-json\/wp\/v2\/types\/post"}],"author":[{"embeddable":true,"href":"https:\/\/www.confere.org.br\/wordpress\/wp-json\/wp\/v2\/users\/3"}],"replies":[{"embeddable":true,"href":"https:\/\/www.confere.org.br\/wordpress\/wp-json\/wp\/v2\/comments?post=2479"}],"version-history":[{"count":1,"href":"https:\/\/www.confere.org.br\/wordpress\/wp-json\/wp\/v2\/posts\/2479\/revisions"}],"predecessor-version":[{"id":2481,"href":"https:\/\/www.confere.org.br\/wordpress\/wp-json\/wp\/v2\/posts\/2479\/revisions\/2481"}],"wp:featuredmedia":[{"embeddable":true,"href":"https:\/\/www.confere.org.br\/wordpress\/wp-json\/wp\/v2\/media\/2480"}],"wp:attachment":[{"href":"https:\/\/www.confere.org.br\/wordpress\/wp-json\/wp\/v2\/media?parent=2479"}],"wp:term":[{"taxonomy":"category","embeddable":true,"href":"https:\/\/www.confere.org.br\/wordpress\/wp-json\/wp\/v2\/categories?post=2479"},{"taxonomy":"post_tag","embeddable":true,"href":"https:\/\/www.confere.org.br\/wordpress\/wp-json\/wp\/v2\/tags?post=2479"}],"curies":[{"name":"wp","href":"https:\/\/api.w.org\/{rel}","templated":true}]}}