{"id":251,"date":"2019-09-18T15:19:26","date_gmt":"2019-09-18T18:19:26","guid":{"rendered":"http:\/\/www.confere.org.br\/wordpress\/?p=251"},"modified":"2019-11-26T09:26:48","modified_gmt":"2019-11-26T12:26:48","slug":"cursos-de-graduacao","status":"publish","type":"post","link":"https:\/\/www.confere.org.br\/wordpress\/cursos-de-graduacao\/","title":{"rendered":"Cursos de Gradua\u00e7\u00e3o"},"content":{"rendered":"\n<p>Os cursos superiores com especialidade em Representa\u00e7\u00e3o Comercial relacionados <\/p>\n\n\n\n<p>neste <em>site<\/em> s\u00e3o aprovados pelo Minist\u00e9rio de Educa\u00e7\u00e3o e Cultura (MEC). <\/p>\n\n\n\n<div style=\"height:48px\" aria-hidden=\"true\" class=\"wp-block-spacer\"><\/div>\n\n\n\n<table class=\"wp-block-table alignwide is-style-regular\"><tbody><tr><td><img width=\"200\" height=\"155\" class=\"wp-image-1657\" style=\"width: 150px;\" src=\"https:\/\/www.confere.org.br\/wordpress\/wp-content\/uploads\/2019\/09\/FANRIOS.jpg\" alt=\"\"><br>Faculdade Nacional de Rio do Sul<\/td><\/tr><tr><td> Gest\u00e3o de Vendas e de Representa\u00e7\u00f5es Comerciais<\/td><\/tr><tr><td> Rio do Sul-SC<\/td><\/tr><tr><td><\/td><\/tr><tr><td><div class=\"wp-block-button\"><a href=\"http:\/\/www.unirsul.edu.br\" target=\"_blank\" rel=\"noreferrer noopener\" aria-label=\" (abre numa nova aba)\">Inscreva-se<\/a><\/div><\/td><\/tr><\/tbody><\/table>\n\n\n\n<table class=\"wp-block-table\"><tbody><tr><td><img width=\"200\" height=\"155\" class=\"wp-image-1656\" style=\"width: 150px;\" src=\"https:\/\/www.confere.org.br\/wordpress\/wp-content\/uploads\/2019\/09\/UPE.jpg\" alt=\"\"><br>Universidade de Pernambuco<\/td><\/tr><tr><td> Gest\u00e3o de Representa\u00e7\u00e3o Comercial<\/td><\/tr><tr><td> <\/td><\/tr><tr><td>  Recife-PE<\/td><\/tr><tr><td><div class=\"wp-block-button\"><a href=\"http:\/\/www.upe.br\/\" target=\"_blank\" rel=\"noreferrer noopener\" aria-label=\" (abre numa nova aba)\">Inscreva-se<\/a><\/div><\/td><\/tr><\/tbody><\/table>\n\n\n\n<table class=\"wp-block-table\"><tbody><tr><td><img width=\"200\" height=\"155\" class=\"wp-image-365\" style=\"width: 150px;\" src=\"https:\/\/www.confere.org.br\/wordpress\/wp-content\/uploads\/2019\/09\/univali.jpg\" alt=\"\"><br>Universidade do Vale de Itaja\u00ed<\/td><\/tr><tr><td> Curso Superior de Tecnologia em Gest\u00e3o de Representa\u00e7\u00e3o Comercial<\/td><\/tr><tr><td> S\u00e3o Jos\u00e9-SC<\/td><\/tr><tr><td>  Itaja\u00ed-SC <\/td><\/tr><tr><td><div class=\"wp-block-button\"><a href=\"http:\/\/www.univali.br\/\" target=\"_blank\" rel=\"noreferrer noopener\" aria-label=\"Inscreva-se (abre numa nova aba)\">Inscreva-se<\/a><\/div><\/td><\/tr><\/tbody><\/table>\n\n\n\n<table class=\"wp-block-table\"><tbody><tr><td><img width=\"200\" height=\"155\" class=\"wp-image-369\" style=\"width: 150px;\" src=\"https:\/\/www.confere.org.br\/wordpress\/wp-content\/uploads\/2019\/09\/uniasselvi.png\" alt=\"\"><br>Centro Universit\u00e1rio Leonardo da Vinci<\/td><\/tr><tr><td> Curso Superior de Tecnologia em Representa\u00e7\u00e3o Comercial<\/td><\/tr><tr><td>EAD<\/td><\/tr><tr><td><\/td><\/tr><tr><td><div class=\"wp-block-button\"><a href=\"http:\/\/www.uniasselvi.com.br\/\" target=\"_blank\" rel=\"noreferrer noopener\" aria-label=\"Inscreva-se (abre numa nova aba)\">Inscreva-se<\/a><\/div><\/td><\/tr><\/tbody><\/table>\n","protected":false},"excerpt":{"rendered":"<p>Os cursos superiores com especialidade em Representa\u00e7\u00e3o Comercial relacionados neste site s\u00e3o aprovados pelo Minist\u00e9rio de Educa\u00e7\u00e3o e Cultura (MEC). Faculdade Nacional de Rio do Sul Gest\u00e3o de Vendas e de Representa\u00e7\u00f5es Comerciais Rio do Sul-SC Inscreva-se Universidade de Pernambuco Gest\u00e3o de Representa\u00e7\u00e3o Comercial Recife-PE Inscreva-se Universidade do Vale de Itaja\u00ed Curso Superior de Tecnologia &hellip; <\/p>\n<p class=\"link-more\"><a href=\"https:\/\/www.confere.org.br\/wordpress\/cursos-de-graduacao\/\" class=\"more-link\">Continue lendo<span class=\"screen-reader-text\"> &#8220;Cursos de Gradua\u00e7\u00e3o&#8221;<\/span><\/a><\/p>\n","protected":false},"author":3,"featured_media":0,"comment_status":"closed","ping_status":"open","sticky":false,"template":"","format":"standard","meta":[],"categories":[15],"tags":[],"_links":{"self":[{"href":"https:\/\/www.confere.org.br\/wordpress\/wp-json\/wp\/v2\/posts\/251"}],"collection":[{"href":"https:\/\/www.confere.org.br\/wordpress\/wp-json\/wp\/v2\/posts"}],"about":[{"href":"https:\/\/www.confere.org.br\/wordpress\/wp-json\/wp\/v2\/types\/post"}],"author":[{"embeddable":true,"href":"https:\/\/www.confere.org.br\/wordpress\/wp-json\/wp\/v2\/users\/3"}],"replies":[{"embeddable":true,"href":"https:\/\/www.confere.org.br\/wordpress\/wp-json\/wp\/v2\/comments?post=251"}],"version-history":[{"count":34,"href":"https:\/\/www.confere.org.br\/wordpress\/wp-json\/wp\/v2\/posts\/251\/revisions"}],"predecessor-version":[{"id":1937,"href":"https:\/\/www.confere.org.br\/wordpress\/wp-json\/wp\/v2\/posts\/251\/revisions\/1937"}],"wp:attachment":[{"href":"https:\/\/www.confere.org.br\/wordpress\/wp-json\/wp\/v2\/media?parent=251"}],"wp:term":[{"taxonomy":"category","embeddable":true,"href":"https:\/\/www.confere.org.br\/wordpress\/wp-json\/wp\/v2\/categories?post=251"},{"taxonomy":"post_tag","embeddable":true,"href":"https:\/\/www.confere.org.br\/wordpress\/wp-json\/wp\/v2\/tags?post=251"}],"curies":[{"name":"wp","href":"https:\/\/api.w.org\/{rel}","templated":true}]}}