{"id":257,"date":"2019-09-19T11:35:35","date_gmt":"2019-09-19T14:35:35","guid":{"rendered":"http:\/\/www.confere.org.br\/wordpress\/?p=257"},"modified":"2019-09-19T15:50:28","modified_gmt":"2019-09-19T18:50:28","slug":"licitacoes","status":"publish","type":"post","link":"https:\/\/www.confere.org.br\/wordpress\/licitacoes\/","title":{"rendered":"Licita\u00e7\u00f5es"},"content":{"rendered":"\n<h4>2019<\/h4>\n\n\n\n<table class=\"wp-block-table\"><tbody><tr><td>Data<\/td><td>Processo<\/td><td>Descri\u00e7\u00e3o<\/td><td>Donwload<\/td><\/tr><tr><td>12\/09\/19<\/td><td>011\/2019<\/td><td>Preg\u00e3o eletr\u00f4nico 11\/2019 &#8211; Backup em Nuvem<\/td><td><a href=\"https:\/\/www.confere.org.br\/wordpress\/wp-content\/uploads\/2019\/09\/Edital-timbrado_set_2019.pdf\"><img width=\"30\" height=\"21\" class=\"wp-image-275\" style=\"width: 30px;\" src=\"https:\/\/www.confere.org.br\/wordpress\/wp-content\/uploads\/2019\/09\/icone_download.png\" alt=\"\"><\/a><\/td><\/tr><tr><td>09\/09\/19<\/td><td>008\/2019<\/td><td>Concorr\u00eancia P\u00fablica 03\/2019 &#8211; Ata da 2\u00aa Sess\u00e3o P\u00fablica<\/td><td><a href=\"https:\/\/www.confere.org.br\/wordpress\/wp-content\/uploads\/2019\/09\/Ata-da-3\u00aa-sess\u00e3o.pdf\"><img width=\"30\" height=\"21\" class=\"wp-image-275\" style=\"width: 30px;\" src=\"https:\/\/www.confere.org.br\/wordpress\/wp-content\/uploads\/2019\/09\/icone_download.png\" alt=\"\"><\/a><\/td><\/tr><tr><td>06\/09\/19<\/td><td>013\/2019<\/td><td>Preg\u00e3o Eletr\u00f4nico 10\/2019 &#8211; Instrumento concocat\u00f3rio &#8211; Helpdesk<\/td><td><img width=\"30\" height=\"21\" class=\"wp-image-275\" style=\"width: 30px;\" src=\"https:\/\/www.confere.org.br\/wordpress\/wp-content\/uploads\/2019\/09\/icone_download.png\" alt=\"\"><\/td><\/tr><\/tbody><\/table>\n\n\n\n<hr class=\"wp-block-separator\"\/>\n\n\n\n<hr class=\"wp-block-separator\"\/>\n\n\n\n<h4>2018<\/h4>\n\n\n\n<table class=\"wp-block-table\"><tbody><tr><td>Data<\/td><td>Processo<\/td><td>Descri\u00e7\u00e3o<\/td><td>Download<\/td><\/tr><tr><td>04\/12\/18<\/td><td>028\/2018<\/td><td>Preg\u00e3o eletr\u00f4nico n\u00ba 017\/2018 &#8211; Instrumento Convocat\u00f3rio<\/td><td><img width=\"30\" height=\"21\" class=\"wp-image-275\" style=\"width: 30px;\" src=\"https:\/\/www.confere.org.br\/wordpress\/wp-content\/uploads\/2019\/09\/icone_download.png\" alt=\"\"><\/td><\/tr><tr><td>26\/11\/18<\/td><td>023\/2018<\/td><td>Preg\u00e3o eletr\u00f4nico n\u00ba 016\/2018 &#8211; Instrumento Convocat\u00f3rio<\/td><td> <img width=\"30\" height=\"21\" class=\"wp-image-275\" style=\"width: 30px;\" src=\"https:\/\/www.confere.org.br\/wordpress\/wp-content\/uploads\/2019\/09\/icone_download.png\" alt=\"\"><\/td><\/tr><tr><td>26\/11\/18<\/td><td>023\/2018<\/td><td>Preg\u00e3o eletr\u00f4nico n\u00ba 016\/2018 &#8211; Manifesta\u00e7\u00e3o Timbrado<\/td><td><img width=\"30\" height=\"21\" class=\"wp-image-275\" style=\"width: 30px;\" src=\"https:\/\/www.confere.org.br\/wordpress\/wp-content\/uploads\/2019\/09\/icone_download.png\" alt=\"\"><\/td><\/tr><tr><td>03\/10\/18<\/td><td> 018\/2018<\/td><td>Preg\u00e3o eletr\u00f4nico n\u00ba 014\/2018 &#8211; Instrumento Convocat\u00f3rio<\/td><td><img width=\"30\" height=\"21\" class=\"wp-image-275\" style=\"width: 30px;\" src=\"https:\/\/www.confere.org.br\/wordpress\/wp-content\/uploads\/2019\/09\/icone_download.png\" alt=\"\"><\/td><\/tr><\/tbody><\/table>\n","protected":false},"excerpt":{"rendered":"<p>2019 Data Processo Descri\u00e7\u00e3o Donwload 12\/09\/19 011\/2019 Preg\u00e3o eletr\u00f4nico 11\/2019 &#8211; Backup em Nuvem 09\/09\/19 008\/2019 Concorr\u00eancia P\u00fablica 03\/2019 &#8211; Ata da 2\u00aa Sess\u00e3o P\u00fablica 06\/09\/19 013\/2019 Preg\u00e3o Eletr\u00f4nico 10\/2019 &#8211; Instrumento concocat\u00f3rio &#8211; Helpdesk 2018 Data Processo Descri\u00e7\u00e3o Download 04\/12\/18 028\/2018 Preg\u00e3o eletr\u00f4nico n\u00ba 017\/2018 &#8211; Instrumento Convocat\u00f3rio 26\/11\/18 023\/2018 Preg\u00e3o eletr\u00f4nico n\u00ba 016\/2018 &hellip; <\/p>\n<p class=\"link-more\"><a href=\"https:\/\/www.confere.org.br\/wordpress\/licitacoes\/\" class=\"more-link\">Continue lendo<span class=\"screen-reader-text\"> &#8220;Licita\u00e7\u00f5es&#8221;<\/span><\/a><\/p>\n","protected":false},"author":3,"featured_media":0,"comment_status":"closed","ping_status":"open","sticky":false,"template":"","format":"standard","meta":[],"categories":[17],"tags":[],"_links":{"self":[{"href":"https:\/\/www.confere.org.br\/wordpress\/wp-json\/wp\/v2\/posts\/257"}],"collection":[{"href":"https:\/\/www.confere.org.br\/wordpress\/wp-json\/wp\/v2\/posts"}],"about":[{"href":"https:\/\/www.confere.org.br\/wordpress\/wp-json\/wp\/v2\/types\/post"}],"author":[{"embeddable":true,"href":"https:\/\/www.confere.org.br\/wordpress\/wp-json\/wp\/v2\/users\/3"}],"replies":[{"embeddable":true,"href":"https:\/\/www.confere.org.br\/wordpress\/wp-json\/wp\/v2\/comments?post=257"}],"version-history":[{"count":7,"href":"https:\/\/www.confere.org.br\/wordpress\/wp-json\/wp\/v2\/posts\/257\/revisions"}],"predecessor-version":[{"id":278,"href":"https:\/\/www.confere.org.br\/wordpress\/wp-json\/wp\/v2\/posts\/257\/revisions\/278"}],"wp:attachment":[{"href":"https:\/\/www.confere.org.br\/wordpress\/wp-json\/wp\/v2\/media?parent=257"}],"wp:term":[{"taxonomy":"category","embeddable":true,"href":"https:\/\/www.confere.org.br\/wordpress\/wp-json\/wp\/v2\/categories?post=257"},{"taxonomy":"post_tag","embeddable":true,"href":"https:\/\/www.confere.org.br\/wordpress\/wp-json\/wp\/v2\/tags?post=257"}],"curies":[{"name":"wp","href":"https:\/\/api.w.org\/{rel}","templated":true}]}}