{"id":2650,"date":"2020-03-17T10:26:21","date_gmt":"2020-03-17T13:26:21","guid":{"rendered":"https:\/\/www.confere.org.br\/wordpress\/?p=2650"},"modified":"2022-11-18T11:04:01","modified_gmt":"2022-11-18T14:04:01","slug":"2020-resolucao-no-1-147-2020","status":"publish","type":"post","link":"https:\/\/www.confere.org.br\/wordpress\/2020-resolucao-no-1-147-2020\/","title":{"rendered":"2020 &#8211; Resolu\u00e7\u00e3o n\u00ba 1.147\/2020"},"content":{"rendered":"\n<p>Realiza\u00e7\u00e3o por videoconfer\u00eancia da primeira parte da Reuni\u00e3o Plen\u00e1ria Ordin\u00e1ria\/2020, como medida preventiva contra a propaga\u00e7\u00e3o do COVID19, no \u00e2mbito do Sistema Confere\/Cores.<\/p>\n\n\n\n<p><a href=\"https:\/\/www.confere.org.br\/wordpress\/wp-content\/uploads\/2020\/03\/2020-Resolucao-versao-2.pdf\">https:\/\/www.confere.org.br\/wordpress\/wp-content\/uploads\/2020\/03\/2020-Resolucao-versao-2.pdf<\/a><\/p>\n","protected":false},"excerpt":{"rendered":"<p>1.147, Resolu\u00e7\u00e3o, https:\/\/www.confere.org.br\/wordpress\/wp-content\/uploads\/2020\/03\/2020-Resolucao-versao-2.pdf<\/p>\n","protected":false},"author":3,"featured_media":0,"comment_status":"closed","ping_status":"closed","sticky":false,"template":"","format":"standard","meta":[],"categories":[52],"tags":[],"_links":{"self":[{"href":"https:\/\/www.confere.org.br\/wordpress\/wp-json\/wp\/v2\/posts\/2650"}],"collection":[{"href":"https:\/\/www.confere.org.br\/wordpress\/wp-json\/wp\/v2\/posts"}],"about":[{"href":"https:\/\/www.confere.org.br\/wordpress\/wp-json\/wp\/v2\/types\/post"}],"author":[{"embeddable":true,"href":"https:\/\/www.confere.org.br\/wordpress\/wp-json\/wp\/v2\/users\/3"}],"replies":[{"embeddable":true,"href":"https:\/\/www.confere.org.br\/wordpress\/wp-json\/wp\/v2\/comments?post=2650"}],"version-history":[{"count":1,"href":"https:\/\/www.confere.org.br\/wordpress\/wp-json\/wp\/v2\/posts\/2650\/revisions"}],"predecessor-version":[{"id":2652,"href":"https:\/\/www.confere.org.br\/wordpress\/wp-json\/wp\/v2\/posts\/2650\/revisions\/2652"}],"wp:attachment":[{"href":"https:\/\/www.confere.org.br\/wordpress\/wp-json\/wp\/v2\/media?parent=2650"}],"wp:term":[{"taxonomy":"category","embeddable":true,"href":"https:\/\/www.confere.org.br\/wordpress\/wp-json\/wp\/v2\/categories?post=2650"},{"taxonomy":"post_tag","embeddable":true,"href":"https:\/\/www.confere.org.br\/wordpress\/wp-json\/wp\/v2\/tags?post=2650"}],"curies":[{"name":"wp","href":"https:\/\/api.w.org\/{rel}","templated":true}]}}