{"id":2667,"date":"2020-03-18T14:12:00","date_gmt":"2020-03-18T17:12:00","guid":{"rendered":"https:\/\/www.confere.org.br\/wordpress\/?p=2667"},"modified":"2020-03-19T14:19:48","modified_gmt":"2020-03-19T17:19:48","slug":"sp-dobra-linha-emergencial-de-credito-para-proteger-empresas-na-pandemia-do-coronavirus","status":"publish","type":"post","link":"https:\/\/www.confere.org.br\/wordpress\/sp-dobra-linha-emergencial-de-credito-para-proteger-empresas-na-pandemia-do-coronavirus\/","title":{"rendered":"SP dobra linha emergencial de cr\u00e9dito para proteger empresas na pandemia do coronav\u00edrus"},"content":{"rendered":"\n<p>O Governo de S\u00e3o Paulo anunciou nesta quarta-feira (18) a libera\u00e7\u00e3o de R$ 500 milh\u00f5es para aquecer a economia do Estado no enfrentamento ao coronav\u00edrus (COVID-19). Al\u00e9m disso, haver\u00e1 um pacote especial para as empresas dos setores de Turismo, Viagens, Economia Criativa e Com\u00e9rcio.<\/p>\n\n\n\n<p>A nova linha emergencial ser\u00e1 aplicada para incentivar o empreendedorismo e a gera\u00e7\u00e3o de emprego e renda. Na \u00faltima sexta-feira (13), o Governador Jo\u00e3o Doria j\u00e1 havia anunciado a concess\u00e3o de R$ 225 milh\u00f5es para auxiliar os microempreendedores paulistas, por meio do Banco do Povo e Desenvolve SP \u2013 O Banco do Empreendedor.<\/p>\n\n\n\n<p>\u201cEstamos destinando R$ 500 milh\u00f5es. J\u00e1 hav\u00edamos anunciado R$ 225 milh\u00f5es e hoje anunciamos mais R$ 275 milh\u00f5es para conter os efeitos nocivos na economia do Estado de S\u00e3o Paulo pelo coronav\u00edrus\u201d, disse o Governador Doria. \u201cCom essa decis\u00e3o, estamos atingindo meio bilh\u00e3o de reais destinados, sobretudo, a micro e pequenas empresas\u201d, ressaltou.<\/p>\n\n\n\n<p>A medida foi elaborada pela comiss\u00e3o de monitoramento dos impactos econ\u00f4micos do coronav\u00edrus em S\u00e3o Paulo. O grupo \u00e9 formado pelo Vice-Governador Rodrigo Garcia \u2013 que tamb\u00e9m \u00e9 Secret\u00e1rio de Governo \u2013, os Secret\u00e1rios de Estado Henrique Meirelles (Fazenda e Planejamento) e Patricia Ellen (Desenvolvimento Econ\u00f4mico), o Presidente da Desenvolve SP, Nelson de Souza, e o Presidente da InvestSP, Wilson Mello.<\/p>\n\n\n\n<p>A comiss\u00e3o acompanha \u00e1reas estrat\u00e9gicas, como crescimento econ\u00f4mico e produtividade; financiamento; trabalho e empreendedorismo; estrat\u00e9gia de abastecimento; e gest\u00e3o p\u00fablica e or\u00e7ament\u00e1ria.<\/p>\n\n\n\n<p>\u201cAs medidas de controle de fluxo de circula\u00e7\u00e3o de pessoas vem juntamente com as medidas econ\u00f4micas. Temos tr\u00eas setores impactados de forma muito mais forte, que s\u00e3o os setores de turismo, economia criativa e com\u00e9rcio\u201d, comentou Patricia Ellen, Secret\u00e1ria de Desenvolvimento Econ\u00f4mico. \u201cEstamos oferecendo meio bilh\u00e3o de reais como forma de financiamento em condi\u00e7\u00f5es especiais\u201d, disse.<\/p>\n\n\n\n<p>Ser\u00e3o R$ 275 milh\u00f5es em cr\u00e9dito pela Desenvolve SP para Turismo, Viagens, Economia Criativa e Com\u00e9rcio, para promover maior liquidez para as empresas. O Banco Empreendedor reduziu a taxa de juros da linha de capital de giro de 1,43% para 1,20% ao m\u00eas. O prazo do financiamento subiu de 36 para 60 meses, e a car\u00eancia foi de tr\u00eas para 12 meses. Os financiamentos de capital de giro est\u00e3o dispon\u00edveis para empresas paulistas com faturamento anual entre R$ 81 mil e R$ 90 milh\u00f5es.<\/p>\n\n\n\n<p><strong>Condi\u00e7\u00f5es especiais do Banco do Povo<\/strong><\/p>\n\n\n\n<p>Na \u00faltima sexta-feira (13), o governo estadual anunciou que o Banco do Povo est\u00e1 concedendo R$ 25 milh\u00f5es para micro e pequenos empreendedores. A linha de microcr\u00e9dito, que j\u00e1 \u00e9 competitiva, est\u00e1 com redu\u00e7\u00e3o da taxa de juros de 1% para 0,35% ao m\u00eas. O prazo para pagamento passou de 24 para 36 meses, j\u00e1 incluindo o prazo de car\u00eancia, que aumentou de 60 para 90 dias. Pedidos de concess\u00e3o de cr\u00e9dito sem avalista passam de R$ 1 mil para R$ 3 mil.<\/p>\n\n\n\n<p>Haver\u00e1 o prazo de prorroga\u00e7\u00e3o dos vencimentos das parcelas das d\u00edvidas, de 30 a 60 dias, de clientes n\u00e3o inadimplentes com contratos vigentes em dia e limitados aos valores j\u00e1 utilizados. A decis\u00e3o, que comp\u00f5e as medidas para conter os efeitos econ\u00f4micos no Estado de S\u00e3o Paulo durante a pandemia de coronav\u00edrus, ser\u00e1 v\u00e1lida a partir da pr\u00f3xima segunda-feira (23).<\/p>\n\n\n\n<p>Mediante an\u00e1lise de cr\u00e9dito e comprova\u00e7\u00e3o de endere\u00e7o, o Banco do Povo financia micros e pequenos neg\u00f3cios formais (MEIs, MEs, LTDAs e EIRELIs) e tamb\u00e9m microempreendedores urbanos e rurais, inclusive os do setor informal. As linhas de cr\u00e9dito v\u00e3o de R$ 200 at\u00e9 R$ 20 mil.<\/p>\n\n\n\n<p>O atendimento do Banco do Povo na capital ser\u00e1 realizado nas unidades do Centro (Rua Boa Vista, 170) e de Parais\u00f3polis (Rua Ernest Renan, 1.366). Nos demais munic\u00edpios, os interessados devem se informar nas ag\u00eancias conveniadas. As condi\u00e7\u00f5es s\u00e3o v\u00e1lidas at\u00e9 30 de abril, podendo ser prorrogada.<\/p>\n\n\n\n<p><br><br>Fonte: www.saopaulo.sp.gov.br<\/p>\n","protected":false},"excerpt":{"rendered":"<p>Comiss\u00e3o econ\u00f4mica anuncia R$ 500 milh\u00f5es para beneficiar microempreendedores paulistas<\/p>\n","protected":false},"author":3,"featured_media":2668,"comment_status":"closed","ping_status":"closed","sticky":false,"template":"","format":"standard","meta":[],"categories":[2],"tags":[],"_links":{"self":[{"href":"https:\/\/www.confere.org.br\/wordpress\/wp-json\/wp\/v2\/posts\/2667"}],"collection":[{"href":"https:\/\/www.confere.org.br\/wordpress\/wp-json\/wp\/v2\/posts"}],"about":[{"href":"https:\/\/www.confere.org.br\/wordpress\/wp-json\/wp\/v2\/types\/post"}],"author":[{"embeddable":true,"href":"https:\/\/www.confere.org.br\/wordpress\/wp-json\/wp\/v2\/users\/3"}],"replies":[{"embeddable":true,"href":"https:\/\/www.confere.org.br\/wordpress\/wp-json\/wp\/v2\/comments?post=2667"}],"version-history":[{"count":1,"href":"https:\/\/www.confere.org.br\/wordpress\/wp-json\/wp\/v2\/posts\/2667\/revisions"}],"predecessor-version":[{"id":2669,"href":"https:\/\/www.confere.org.br\/wordpress\/wp-json\/wp\/v2\/posts\/2667\/revisions\/2669"}],"wp:featuredmedia":[{"embeddable":true,"href":"https:\/\/www.confere.org.br\/wordpress\/wp-json\/wp\/v2\/media\/2668"}],"wp:attachment":[{"href":"https:\/\/www.confere.org.br\/wordpress\/wp-json\/wp\/v2\/media?parent=2667"}],"wp:term":[{"taxonomy":"category","embeddable":true,"href":"https:\/\/www.confere.org.br\/wordpress\/wp-json\/wp\/v2\/categories?post=2667"},{"taxonomy":"post_tag","embeddable":true,"href":"https:\/\/www.confere.org.br\/wordpress\/wp-json\/wp\/v2\/tags?post=2667"}],"curies":[{"name":"wp","href":"https:\/\/api.w.org\/{rel}","templated":true}]}}