{"id":2671,"date":"2020-03-17T14:22:00","date_gmt":"2020-03-17T17:22:00","guid":{"rendered":"https:\/\/www.confere.org.br\/wordpress\/?p=2671"},"modified":"2020-03-19T14:26:42","modified_gmt":"2020-03-19T17:26:42","slug":"coronavirus-55-cursos-online-gratuitos-da-fgv-para-fazer-durante-a-quarentena","status":"publish","type":"post","link":"https:\/\/www.confere.org.br\/wordpress\/coronavirus-55-cursos-online-gratuitos-da-fgv-para-fazer-durante-a-quarentena\/","title":{"rendered":"Coronavirus: 55 cursos online gratuitos da FGV para fazer durante a quarentena"},"content":{"rendered":"\n<p> A FGV (Funda\u00e7\u00e3o Getulio Vargas), foi a primeira institui\u00e7\u00e3o brasileira a ser membro do\u00a0<strong>OEC \u2013\u00a0Open Education Consortium<\/strong>, um cons\u00f3rcio de institui\u00e7\u00f5es de ensino de diversos pa\u00edses que oferecem conte\u00fados e materiais did\u00e1ticos sem custo, pela internet.\u00a0Membro desde julho de 2008, o FGV Online venceu, em 2011, a primeira edi\u00e7\u00e3o do\u00a0<strong>OCW People\u2019s Choice Awards\u00a0<\/strong>\u2013 premia\u00e7\u00e3o para as melhores iniciativas dentro do cons\u00f3rcio \u2013, na categoria de programas mais inovadores e de vanguarda. A institui\u00e7\u00e3o tamb\u00e9m\u00a0\u00e9 uma das melhores faculdades do Brasil\u00a0e \u00e9 uma \u00f3tima oportunidade para voc\u00ea aprender durante o Coronavirus. <\/p>\n\n\n\n<p>E liberou 55&nbsp;<a href=\"https:\/\/estagioonline.com\/cursos\/coronavirus-cursos-online-gratuitos-do-senai-para-fazer-durante-a-quarentena\" target=\"_blank\" rel=\"noreferrer noopener\">cursos<\/a>&nbsp;totalmente gratuitos em sua plataforma de ensino online. Se voc\u00ea quer impulsionar sua carreira e carimbar mais conhecimentos no curr\u00edculo, aproveite esta oportunidade.<\/p>\n\n\n\n<p>Todos os cursos t\u00eam certifica\u00e7\u00e3o ao final, \u00e9 uma excelente forma de dar um UP no curr\u00edculo e ainda gerar horas complementares na faculdade. Ap\u00f3s ser aprovado, o pr\u00f3prio estudante emite o documento via web.<\/p>\n\n\n\n<p>Com a pandemia do Coronavirus no Brasil, a metodologia de ensino a dist\u00e2ncia se torna a \u00fanica forma segura de&nbsp;continuar estudando, al\u00e9m de contar com toda a flexibilidade&nbsp;em rela\u00e7\u00e3o ao tempo di\u00e1rio de estudo.<\/p>\n\n\n\n<p>Abaixo est\u00e3o listados os cursos, para acessar \u00e9 s\u00f3 clicar:<\/p>\n\n\n\n<ol><li><a href=\"https:\/\/educacao-executiva.fgv.br\/cursos\/online\/curta-media-duracao-online\/analise-introdutoria-de-credito-e-risco-de-credito\" target=\"_blank\" rel=\"noreferrer noopener\">An\u00e1lise introdut\u00f3ria de cr\u00e9dito e risco de cr\u00e9dito<\/a><\/li><li><a href=\"https:\/\/educacao-executiva.fgv.br\/cursos\/online\/curta-media-duracao-online\/apresentacao-do-sistema-tributario-nacional\" target=\"_blank\" rel=\"noreferrer noopener\">Apresenta\u00e7\u00e3o do sistema tribut\u00e1rio nacional<\/a><\/li><li><a href=\"https:\/\/educacao-executiva.fgv.br\/cursos\/online\/curta-media-duracao-online\/aspectos-mercadologicos-na-gestao-de-precos-conceitos-fundamentais\" target=\"_blank\" rel=\"noreferrer noopener\">Aspectos mercadol\u00f3gicos na gest\u00e3o de Pre\u00e7os: conceitos fundamentais<\/a><\/li><li><a href=\"https:\/\/educacao-executiva.fgv.br\/cursos\/online\/curta-media-duracao-online\/bases-conceituais-dos-modelos-de-gestao\" target=\"_blank\" rel=\"noreferrer noopener\">Bases conceituais dos modelos de gest\u00e3o<\/a><\/li><li><a href=\"https:\/\/educacao-executiva.fgv.br\/cursos\/online\/curta-media-duracao-online\/bsc-introducao-criacao-e-execucao-da-estrategia\" target=\"_blank\" rel=\"noreferrer noopener\">BSC: introdu\u00e7\u00e3o \u00e0 cria\u00e7\u00e3o e execu\u00e7\u00e3o da estrat\u00e9gia<\/a><\/li><li><a href=\"https:\/\/educacao-executiva.fgv.br\/cursos\/online\/curta-media-duracao-online\/calculo-financeiro-basico-para-administracao-financeira\" target=\"_blank\" rel=\"noreferrer noopener\">C\u00e1lculo financeiro b\u00e1sico para administra\u00e7\u00e3o financeira<\/a><\/li><li><a href=\"https:\/\/educacao-executiva.fgv.br\/cursos\/online\/curta-media-duracao-online\/como-fazer-investimentos-1\" target=\"_blank\" rel=\"noreferrer noopener\">Como fazer investimentos 1<\/a><\/li><li><a href=\"https:\/\/educacao-executiva.fgv.br\/cursos\/online\/curta-media-duracao-online\/como-fazer-investimentos-2\" target=\"_blank\" rel=\"noreferrer noopener\">Como fazer investimentos 2<\/a><\/li><li><a href=\"https:\/\/educacao-executiva.fgv.br\/cursos\/online\/curta-media-duracao-online\/como-gastar-conscientemente\" target=\"_blank\" rel=\"noreferrer noopener\">Como Gastar Conscientemente<\/a><\/li><li><a href=\"https:\/\/educacao-executiva.fgv.br\/cursos\/online\/curta-media-duracao-online\/como-organizar-o-orcamento-familiar\" target=\"_blank\" rel=\"noreferrer noopener\">Como organizar o or\u00e7amento familiar<\/a><\/li><li><a href=\"https:\/\/educacao-executiva.fgv.br\/cursos\/online\/curta-media-duracao-online\/como-planejar-aposentadoria\" target=\"_blank\" rel=\"noreferrer noopener\">Como planejar a aposentadoria<\/a><\/li><li><a href=\"https:\/\/educacao-executiva.fgv.br\/cursos\/online\/curta-media-duracao-online\/conceitos-basicos-de-matematica-financeira\" target=\"_blank\" rel=\"noreferrer noopener\">Conceitos b\u00e1sicos de matem\u00e1tica financeira<\/a><\/li><li><a href=\"https:\/\/educacao-executiva.fgv.br\/cursos\/online\/curta-media-duracao-online\/contexto-e-importancia-dos-recursos-humanos\" target=\"_blank\" rel=\"noreferrer noopener\">Contexto e Import\u00e2ncia dos Recursos Humanos<\/a><\/li><li><a href=\"https:\/\/educacao-executiva.fgv.br\/cursos\/online\/curta-media-duracao-online\/contratos-negociacoes-preliminares\" target=\"_blank\" rel=\"noreferrer noopener\">Contratos: negocia\u00e7\u00f5es preliminares<\/a><\/li><li><a href=\"https:\/\/educacao-executiva.fgv.br\/cursos\/online\/curta-media-duracao-online\/definicoes-e-objetivos-da-gestao-de-projetos\" target=\"_blank\" rel=\"noreferrer noopener\">Defini\u00e7\u00f5es e objetivos da gest\u00e3o de projetos<\/a><\/li><li><a href=\"https:\/\/educacao-executiva.fgv.br\/cursos\/online\/curta-media-duracao-online\/direito-de-familia\" target=\"_blank\" rel=\"noreferrer noopener\">Direito de Fam\u00edlia<\/a><\/li><li><a href=\"https:\/\/educacao-executiva.fgv.br\/cursos\/online\/curta-media-duracao-online\/direito-e-esporte\" target=\"_blank\" rel=\"noreferrer noopener\">Direito e Esporte<\/a><\/li><li><a href=\"https:\/\/educacao-executiva.fgv.br\/cursos\/online\/curta-media-duracao-online\/etica-empresarial\" target=\"_blank\" rel=\"noreferrer noopener\">\u00c9tica Empresarial<\/a><\/li><li><a href=\"https:\/\/educacao-executiva.fgv.br\/cursos\/online\/curta-media-duracao-online\/etica-empresarial-1\" target=\"_blank\" rel=\"noreferrer noopener\">\u00c9tica Empresarial (espanhol)<\/a><\/li><li><a href=\"https:\/\/educacao-executiva.fgv.br\/cursos\/online\/curta-media-duracao-online\/formacao-docente-para-professores-de-direito\" target=\"_blank\" rel=\"noreferrer noopener\">Forma\u00e7\u00e3o Docente para Professores de Direito<\/a><\/li><li><a href=\"https:\/\/educacao-executiva.fgv.br\/cursos\/online\/curta-media-duracao-online\/fundamentos-da-gestao-de-custos\" target=\"_blank\" rel=\"noreferrer noopener\">Fundamentos da Gest\u00e3o de Custos<\/a><\/li><li><a href=\"https:\/\/educacao-executiva.fgv.br\/cursos\/online\/curta-media-duracao-online\/fundamentos-da-gestao-de-ti-1\" target=\"_blank\" rel=\"noreferrer noopener\">Fundamentos da Gest\u00e3o de TI<\/a><\/li><li><a href=\"https:\/\/educacao-executiva.fgv.br\/cursos\/online\/curta-media-duracao-online\/fundamentos-das-relacoes-internacionais\" target=\"_blank\" rel=\"noreferrer noopener\">Fundamentos das Rela\u00e7\u00f5es Internacionais<\/a><\/li><li><a href=\"https:\/\/educacao-executiva.fgv.br\/cursos\/online\/curta-media-duracao-online\/fundamentos-de-administracao-financeira\" target=\"_blank\" rel=\"noreferrer noopener\">Fundamentos de Administra\u00e7\u00e3o Financeira<\/a><\/li><li><a href=\"https:\/\/educacao-executiva.fgv.br\/cursos\/online\/curta-media-duracao-online\/fundamentos-de-financas\" target=\"_blank\" rel=\"noreferrer noopener\">Fundamentos de Finan\u00e7as<\/a><\/li><li><a href=\"https:\/\/educacao-executiva.fgv.br\/cursos\/online\/curta-media-duracao-online\/fundamentos-de-marketing\" target=\"_blank\" rel=\"noreferrer noopener\">Fundamentos de Marketing<\/a><\/li><li><a href=\"https:\/\/educacao-executiva.fgv.br\/cursos\/online\/curta-media-duracao-online\/gestao-de-vendas-nocoes-basicas-de-criacao-de-estrategia\" target=\"_blank\" rel=\"noreferrer noopener\">Gest\u00e3o de vendas: no\u00e7\u00f5es b\u00e1sica de cria\u00e7\u00e3o de estrat\u00e9gia<\/a><\/li><li><a href=\"https:\/\/educacao-executiva.fgv.br\/cursos\/online\/curta-media-duracao-online\/gestao-e-lideranca-conceitos-basicos-da-funcao-gerencial\" target=\"_blank\" rel=\"noreferrer noopener\">Gest\u00e3o e lideran\u00e7a: conceitos b\u00e1sicos da fun\u00e7\u00e3o gerencial<\/a><\/li><li><a href=\"https:\/\/educacao-executiva.fgv.br\/cursos\/online\/curta-media-duracao-online\/imagem-e-direitos-na-web\" target=\"_blank\" rel=\"noreferrer noopener\">Imagem e Direitos na Web<\/a><\/li><li><a href=\"https:\/\/educacao-executiva.fgv.br\/cursos\/online\/curta-media-duracao-online\/impacto-da-ti-nos-negocios\" target=\"_blank\" rel=\"noreferrer noopener\">Impacto da TI nos neg\u00f3cios<\/a><\/li><li><a href=\"https:\/\/educacao-executiva.fgv.br\/cursos\/online\/curta-media-duracao-online\/introducao-administracao-estrategica\" target=\"_blank\" rel=\"noreferrer noopener\">Introdu\u00e7\u00e3o \u00e0 Administra\u00e7\u00e3o Estrat\u00e9gica<\/a><\/li><li><a href=\"https:\/\/educacao-executiva.fgv.br\/cursos\/online\/curta-media-duracao-online\/introducao-comunicacao-institucional\" target=\"_blank\" rel=\"noreferrer noopener\">Introdu\u00e7\u00e3o \u00e0 comunica\u00e7\u00e3o institucional<\/a><\/li><li><a href=\"https:\/\/educacao-executiva.fgv.br\/cursos\/online\/curta-media-duracao-online\/introducao-comunicacao-na-era-digital\" target=\"_blank\" rel=\"noreferrer noopener\">Introdu\u00e7\u00e3o \u00e0 comunica\u00e7\u00e3o na era digital<\/a><\/li><li><a href=\"https:\/\/educacao-executiva.fgv.br\/cursos\/online\/curta-media-duracao-online\/introducao-controladoria\" target=\"_blank\" rel=\"noreferrer noopener\">Introdu\u00e7\u00e3o \u00e0 controladoria<\/a><\/li><li><a href=\"https:\/\/educacao-executiva.fgv.br\/cursos\/online\/curta-media-duracao-online\/introducao-financas-sistema-financeiro-e-geracao-de-valor\" target=\"_blank\" rel=\"noreferrer noopener\">Introdu\u00e7\u00e3o a finan\u00e7as: sistema financeiro e gera\u00e7\u00e3o de valor<\/a><\/li><li><a href=\"https:\/\/educacao-executiva.fgv.br\/cursos\/online\/curta-media-duracao-online\/introducao-gestao-de-recursos-humanos\" target=\"_blank\" rel=\"noreferrer noopener\">Introdu\u00e7\u00e3o \u00e0 gest\u00e3o de recursos humanos<\/a><\/li><li><a href=\"https:\/\/educacao-executiva.fgv.br\/cursos\/online\/curta-media-duracao-online\/introducao-gestao-de-servicos-com-foco-no-envelhecimento\" target=\"_blank\" rel=\"noreferrer noopener\">Introdu\u00e7\u00e3o \u00e0 Gest\u00e3o de Servi\u00e7os com Foco no Envelhecimento<\/a><\/li><li><a href=\"https:\/\/educacao-executiva.fgv.br\/cursos\/online\/curta-media-duracao-online\/introducao-gestao-financeira-internacional\" target=\"_blank\" rel=\"noreferrer noopener\">Introdu\u00e7\u00e3o \u00e0 Gest\u00e3o Financeira Internacional&nbsp;<\/a><\/li><li><a href=\"https:\/\/educacao-executiva.fgv.br\/cursos\/online\/curta-media-duracao-online\/introducao-negociacao\" target=\"_blank\" rel=\"noreferrer noopener\">Introdu\u00e7\u00e3o \u00e0 negocia\u00e7\u00e3o<\/a><\/li><li><a href=\"https:\/\/educacao-executiva.fgv.br\/cursos\/online\/curta-media-duracao-online\/introducao-precificacao-e-comportamento-da-demanda\" target=\"_blank\" rel=\"noreferrer noopener\">Introdu\u00e7\u00e3o a Precifica\u00e7\u00e3o e Comportamento da Demanda&nbsp;<\/a><\/li><li><a href=\"https:\/\/educacao-executiva.fgv.br\/cursos\/online\/curta-media-duracao-online\/introducao-ao-direito-imobiliario-1\" target=\"_blank\" rel=\"noreferrer noopener\">Introdu\u00e7\u00e3o ao Direito Imobili\u00e1rio<\/a><\/li><li><a href=\"https:\/\/educacao-executiva.fgv.br\/cursos\/online\/curta-media-duracao-online\/introducao-ao-estudo-de-mercado-e-produtos\" target=\"_blank\" rel=\"noreferrer noopener\">Introdu\u00e7\u00e3o ao estudo de mercado e produtos<\/a><\/li><li><a href=\"https:\/\/educacao-executiva.fgv.br\/cursos\/online\/curta-media-duracao-online\/introducao-ao-tema-da-lideranca\" target=\"_blank\" rel=\"noreferrer noopener\">Introdu\u00e7\u00e3o ao tema da lideran\u00e7a<\/a><\/li><li><a href=\"https:\/\/educacao-executiva.fgv.br\/cursos\/online\/curta-media-duracao-online\/introducao-aos-sistemas-de-informacao-em-marketing\" target=\"_blank\" rel=\"noreferrer noopener\">Introdu\u00e7\u00e3o aos sistemas de informa\u00e7\u00e3o em marketing<\/a><\/li><li><a href=\"https:\/\/educacao-executiva.fgv.br\/cursos\/online\/curta-media-duracao-online\/introducao-relacoes-de-consumo-e-aos-direitos-basicos\" target=\"_blank\" rel=\"noreferrer noopener\">Introdu\u00e7\u00e3o \u00e0s rela\u00e7\u00f5es de consumo e aos direitos b\u00e1sicos<\/a><\/li><li><a href=\"https:\/\/educacao-executiva.fgv.br\/cursos\/online\/curta-media-duracao-online\/introduccion-la-administracion-estrategica\" target=\"_blank\" rel=\"noreferrer noopener\">Introducci\u00f3n a la Administraci\u00f3n Estrat\u00e9gica (espanhol)<\/a><\/li><li><a href=\"https:\/\/educacao-executiva.fgv.br\/cursos\/online\/curta-media-duracao-online\/lideranca-e-gestao-participativa-na-escola\" target=\"_blank\" rel=\"noreferrer noopener\">Lideran\u00e7a e Gest\u00e3o Participativa na Escola<\/a><\/li><li><a href=\"https:\/\/educacao-executiva.fgv.br\/cursos\/online\/curta-media-duracao-online\/marketing-de-servicos-economia-caracteristicas-e-classificacao\" target=\"_blank\" rel=\"noreferrer noopener\">Marketing de servi\u00e7os: economia, caracter\u00edsticas e classifica\u00e7\u00e3o<\/a><\/li><li><a href=\"https:\/\/educacao-executiva.fgv.br\/cursos\/online\/curta-media-duracao-online\/motivacao-nas-organizacoes\" target=\"_blank\" rel=\"noreferrer noopener\">Motiva\u00e7\u00e3o nas Organiza\u00e7\u00f5es<\/a><\/li><li><a href=\"https:\/\/educacao-executiva.fgv.br\/cursos\/online\/curta-media-duracao-online\/motivacion-en-las-organizaciones\" target=\"_blank\" rel=\"noreferrer noopener\">Motivaci\u00f3n en las Organizaciones (espanhol)<\/a><\/li><li><a href=\"https:\/\/educacao-executiva.fgv.br\/cursos\/online\/curta-media-duracao-online\/normas-anticorrupcao-antissuborno-e-compliance-publico\" target=\"_blank\" rel=\"noreferrer noopener\">Normas anticorrup\u00e7\u00e3o, antissuborno e compliance p\u00fablico<\/a><\/li><li><a href=\"https:\/\/educacao-executiva.fgv.br\/cursos\/online\/curta-media-duracao-online\/participacao-e-concentracao-de-mercado-aspectos-introdutorios-1\" target=\"_blank\" rel=\"noreferrer noopener\">Participa\u00e7\u00e3o e concentra\u00e7\u00e3o de mercado: aspectos introdut\u00f3rios<\/a><\/li><li><a href=\"https:\/\/educacao-executiva.fgv.br\/cursos\/online\/curta-media-duracao-online\/planejamento-do-gerenciamento-e-identificacao-de-riscos-em-projetos\" target=\"_blank\" rel=\"noreferrer noopener\">Planejamento do gerenciamento e identifica\u00e7\u00e3o de riscos em projetos<\/a><\/li><li><a href=\"https:\/\/educacao-executiva.fgv.br\/cursos\/online\/curta-media-duracao-online\/planejamento-e-estrategia-para-gestao-escolar\" target=\"_blank\" rel=\"noreferrer noopener\">Planejamento e Estrat\u00e9gia para Gest\u00e3o Escolar<\/a><\/li><li><a href=\"https:\/\/educacao-executiva.fgv.br\/cursos\/online\/curta-media-duracao-online\/produto-e-mercado-conceitos-e-pilares-do-marketing\" target=\"_blank\" rel=\"noreferrer noopener\">Produto e mercado: Conceitos e Pilares do Marketing<\/a><\/li><\/ol>\n\n\n\n<h4><br><br>Mais cursos<\/h4>\n\n\n\n<p>Tamb\u00e9m publicamos mat\u00e9rias com cursos gratuitos de mais institui\u00e7\u00f5es, confira abaixo:<\/p>\n\n\n\n<ol><li><a href=\"https:\/\/estagioonline.com\/cursos\/coronavirus-cursos-online-gratuitos-do-senai-para-fazer-durante-a-quarentena\" target=\"_blank\" rel=\"noreferrer noopener\">SENAI<\/a><\/li><li><a href=\"https:\/\/estagioonline.com\/cursos\/coronavirus-cursos-online-gratuitos-do-sebrae-para-fazer-durante-quarentena\" target=\"_blank\" rel=\"noreferrer noopener\">Sebrae<\/a><\/li><li><a href=\"https:\/\/estagioonline.com\/cursos\/coronavirus-100-cursos-online-gratuitos-de-harvard-para-fazer-durante-a-quarentena\" target=\"_blank\" rel=\"noreferrer noopener\">Harvard<\/a><\/li><\/ol>\n\n\n\n<p>Continue acompanhando o Est\u00e1gio Online para mais not\u00edcias,&nbsp;<a href=\"https:\/\/estagioonline.com\/cursos\/coronavirus-cursos-online-gratuitos-do-senai-para-fazer-durante-a-quarentena\" target=\"_blank\" rel=\"noreferrer noopener\">cursos<\/a>, vagas de est\u00e1gio e emprego e dicas de especialistas.<\/p>\n\n\n\n<p>Tamb\u00e9m&nbsp;temos diversas bolsas de estudo EAD em mais de 1.200 faculdades de todo pa\u00eds, confira aqui e estude a dist\u00e2ncia e sem risco:&nbsp;<a href=\"https:\/\/estagioonline.com\/bolsas-estudo\" target=\"_blank\" rel=\"noreferrer noopener\">https:\/\/estagioonline.com\/bolsas-estudo<\/a><\/p>\n\n\n\n<p>Desejamos sucesso em sua jornada!<\/p>\n\n\n\n<p><br><br>Fonte: www.estagioonline.com<\/p>\n","protected":false},"excerpt":{"rendered":"<p>A FGV liberou 55 cursos online gratuitos e voc\u00ea pode fazer durante a quarentena do Coronavirus e o melhor: conta com certificado<\/p>\n","protected":false},"author":3,"featured_media":2672,"comment_status":"closed","ping_status":"closed","sticky":false,"template":"","format":"standard","meta":[],"categories":[2],"tags":[],"_links":{"self":[{"href":"https:\/\/www.confere.org.br\/wordpress\/wp-json\/wp\/v2\/posts\/2671"}],"collection":[{"href":"https:\/\/www.confere.org.br\/wordpress\/wp-json\/wp\/v2\/posts"}],"about":[{"href":"https:\/\/www.confere.org.br\/wordpress\/wp-json\/wp\/v2\/types\/post"}],"author":[{"embeddable":true,"href":"https:\/\/www.confere.org.br\/wordpress\/wp-json\/wp\/v2\/users\/3"}],"replies":[{"embeddable":true,"href":"https:\/\/www.confere.org.br\/wordpress\/wp-json\/wp\/v2\/comments?post=2671"}],"version-history":[{"count":1,"href":"https:\/\/www.confere.org.br\/wordpress\/wp-json\/wp\/v2\/posts\/2671\/revisions"}],"predecessor-version":[{"id":2673,"href":"https:\/\/www.confere.org.br\/wordpress\/wp-json\/wp\/v2\/posts\/2671\/revisions\/2673"}],"wp:featuredmedia":[{"embeddable":true,"href":"https:\/\/www.confere.org.br\/wordpress\/wp-json\/wp\/v2\/media\/2672"}],"wp:attachment":[{"href":"https:\/\/www.confere.org.br\/wordpress\/wp-json\/wp\/v2\/media?parent=2671"}],"wp:term":[{"taxonomy":"category","embeddable":true,"href":"https:\/\/www.confere.org.br\/wordpress\/wp-json\/wp\/v2\/categories?post=2671"},{"taxonomy":"post_tag","embeddable":true,"href":"https:\/\/www.confere.org.br\/wordpress\/wp-json\/wp\/v2\/tags?post=2671"}],"curies":[{"name":"wp","href":"https:\/\/api.w.org\/{rel}","templated":true}]}}