{"id":2674,"date":"2020-03-16T14:35:00","date_gmt":"2020-03-16T17:35:00","guid":{"rendered":"https:\/\/www.confere.org.br\/wordpress\/?p=2674"},"modified":"2020-03-19T14:40:35","modified_gmt":"2020-03-19T17:40:35","slug":"coronavirus-bancos-vao-suspender-pagamento-de-dividas-por-60-dias","status":"publish","type":"post","link":"https:\/\/www.confere.org.br\/wordpress\/coronavirus-bancos-vao-suspender-pagamento-de-dividas-por-60-dias\/","title":{"rendered":"Coronav\u00edrus: Bancos v\u00e3o suspender pagamento de d\u00edvidas por 60 dias"},"content":{"rendered":"\n<p>A ideia das institui\u00e7\u00f5es banc\u00e1rias \u00e9 ajudar a economia brasileira neste in\u00edcio de casos envolvendo o coronav\u00edrus no Pa\u00eds e foi anunciada em conjunto pelo Banco do Brasil, Bradesco, Caixa Econ\u00f4mica Federal, Ita\u00fa Unibanco e Santander.<\/p>\n\n\n\n<p><strong><a href=\"https:\/\/www.istoedinheiro.com.br\/por-coronavirus-stj-suspende-sessoes-de-julgamento-ate-27-de-marco\/\" rel=\"noreferrer noopener\" target=\"_blank\">+ Por coronav\u00edrus, STJ suspende sess\u00f5es de julgamento at\u00e9 27 de mar\u00e7o<\/a><br><a href=\"https:\/\/www.istoedinheiro.com.br\/movimento-em-bares-e-restaurantes-cai-mas-delivery-aumenta\/\" rel=\"noreferrer noopener\" target=\"_blank\">+ Movimento em bares e restaurantes cai, mas delivery aumenta<\/a><\/strong><\/p>\n\n\n\n<p>Vale lembrar que a medida s\u00f3 entrar\u00e1 em vigor para casos onde os empr\u00e9stimos estejam com pagamento em dia.<\/p>\n\n\n\n<p>At\u00e9 o momento, pelo menos 200 brasileiros est\u00e3o infectados com o coronav\u00edrus.<\/p>\n\n\n\n<p>Em nota, a Federa\u00e7\u00e3o Brasileira de Bancos (Febraban) disse que ela e \u201cseus bancos associados, sens\u00edveis ao&nbsp;momento de preocupa\u00e7\u00e3o dos brasileiros com a doen\u00e7a provocada pelo novo&nbsp;Coronav\u00edrus, v\u00eam discutindo propostas para amenizar os efeitos negativos dessa pandemia no emprego e na renda\u201d.<\/p>\n\n\n\n<p>Afirmou, tamb\u00e9m, \u201cque se trata de um choque profundo, mas de natureza essencialmente transit\u00f3ria\u201d.<\/p>\n\n\n\n<p><br><br>Fonte: www.istoedinheiro.com.br<\/p>\n","protected":false},"excerpt":{"rendered":"<p>Os principais bancos do Pa\u00eds anunciaram que v\u00e3o prorrogar o pagamento de d\u00edvidas das pessoas f\u00edsicas, al\u00e9m das micro e pequenas empresas por 60 dias.<\/p>\n","protected":false},"author":3,"featured_media":2675,"comment_status":"closed","ping_status":"closed","sticky":false,"template":"","format":"standard","meta":[],"categories":[2],"tags":[],"_links":{"self":[{"href":"https:\/\/www.confere.org.br\/wordpress\/wp-json\/wp\/v2\/posts\/2674"}],"collection":[{"href":"https:\/\/www.confere.org.br\/wordpress\/wp-json\/wp\/v2\/posts"}],"about":[{"href":"https:\/\/www.confere.org.br\/wordpress\/wp-json\/wp\/v2\/types\/post"}],"author":[{"embeddable":true,"href":"https:\/\/www.confere.org.br\/wordpress\/wp-json\/wp\/v2\/users\/3"}],"replies":[{"embeddable":true,"href":"https:\/\/www.confere.org.br\/wordpress\/wp-json\/wp\/v2\/comments?post=2674"}],"version-history":[{"count":1,"href":"https:\/\/www.confere.org.br\/wordpress\/wp-json\/wp\/v2\/posts\/2674\/revisions"}],"predecessor-version":[{"id":2676,"href":"https:\/\/www.confere.org.br\/wordpress\/wp-json\/wp\/v2\/posts\/2674\/revisions\/2676"}],"wp:featuredmedia":[{"embeddable":true,"href":"https:\/\/www.confere.org.br\/wordpress\/wp-json\/wp\/v2\/media\/2675"}],"wp:attachment":[{"href":"https:\/\/www.confere.org.br\/wordpress\/wp-json\/wp\/v2\/media?parent=2674"}],"wp:term":[{"taxonomy":"category","embeddable":true,"href":"https:\/\/www.confere.org.br\/wordpress\/wp-json\/wp\/v2\/categories?post=2674"},{"taxonomy":"post_tag","embeddable":true,"href":"https:\/\/www.confere.org.br\/wordpress\/wp-json\/wp\/v2\/tags?post=2674"}],"curies":[{"name":"wp","href":"https:\/\/api.w.org\/{rel}","templated":true}]}}