{"id":2677,"date":"2020-03-19T10:21:00","date_gmt":"2020-03-19T13:21:00","guid":{"rendered":"https:\/\/www.confere.org.br\/wordpress\/?p=2677"},"modified":"2020-03-20T10:31:03","modified_gmt":"2020-03-20T13:31:03","slug":"governo-de-sao-paulo-suspende-o-protesto-de-dividas-por-90-dias","status":"publish","type":"post","link":"https:\/\/www.confere.org.br\/wordpress\/governo-de-sao-paulo-suspende-o-protesto-de-dividas-por-90-dias\/","title":{"rendered":"Governo de S\u00e3o Paulo suspende o protesto de d\u00edvidas por 90 dias"},"content":{"rendered":"\n<p>O Governador Jo\u00e3o Doria anunciou nesta quinta-feira (19) que pessoas f\u00edsicas e empresas ter\u00e3o prazo estendido de 90 dias antes do protesto de d\u00edvidas pela Procuradoria Geral do Estado. A medida entra em vigor no pr\u00f3ximo dia 1\u00ba. O an\u00fancio tem objetivo de combater o impacto econ\u00f4mico da Covid-19, doen\u00e7a causada pelo novo coronav\u00edrus. <\/p>\n\n\n\n<p>Mensalmente, o Governo de S\u00e3o Paulo envia cerca de 100 mil d\u00e9bitos por m\u00eas para protesto. Atualmente, a D\u00edvida Ativa estadual est\u00e1 em R$ 331,8 bilh\u00f5es.<\/p>\n\n\n\n<p><strong>YouTube:<\/strong>\u00a0<a rel=\"noreferrer noopener\" href=\"http:\/\/www.youtube.com\/governosp\" target=\"_blank\">http:\/\/www.youtube.com\/governosp<\/a><br><strong>Facebook:<\/strong>\u00a0<a rel=\"noreferrer noopener\" href=\"https:\/\/www.facebook.com\/governosp\" target=\"_blank\">https:\/\/www.facebook.com\/governosp<\/a><br><strong>Vimeo:<\/strong>\u00a0<a rel=\"noreferrer noopener\" href=\"http:\/\/www.vimeo.com\/governosp\" target=\"_blank\">http:\/\/www.vimeo.com\/governosp<\/a><br><strong>Mixlr:<\/strong>\u00a0<a rel=\"noreferrer noopener\" href=\"http:\/\/mixlr.com\/governosp\" target=\"_blank\">http:\/\/mixlr.com\/governosp<\/a><br><strong>Twitter:<\/strong>\u00a0<a rel=\"noreferrer noopener\" href=\"https:\/\/twitter.com\/governosp\" target=\"_blank\">https:\/\/twitter.com\/governosp<\/a><br><strong>Linkedin:<\/strong>\u00a0<a rel=\"noreferrer noopener\" href=\"https:\/\/www.linkedin.com\/company\/governosp\/\" target=\"_blank\">linkedin.com\/company\/governosp<\/a><br><strong>Instagram:<\/strong>\u00a0<a rel=\"noreferrer noopener\" href=\"http:\/\/instagram.com\/governosp\" target=\"_blank\">instagram.com\/governosp<\/a><\/p>\n\n\n\n<p><br><br>Fonte: www.saopaulo.sp.gov.br<\/p>\n","protected":false},"excerpt":{"rendered":"<p>Medida atinge cerca de 100 mil d\u00e9bitos que n\u00e3o ser\u00e3o protestados pelo Estado pelo per\u00edodo de tr\u00eas meses, a partir de abril<\/p>\n","protected":false},"author":3,"featured_media":2678,"comment_status":"closed","ping_status":"closed","sticky":false,"template":"","format":"standard","meta":[],"categories":[2],"tags":[],"_links":{"self":[{"href":"https:\/\/www.confere.org.br\/wordpress\/wp-json\/wp\/v2\/posts\/2677"}],"collection":[{"href":"https:\/\/www.confere.org.br\/wordpress\/wp-json\/wp\/v2\/posts"}],"about":[{"href":"https:\/\/www.confere.org.br\/wordpress\/wp-json\/wp\/v2\/types\/post"}],"author":[{"embeddable":true,"href":"https:\/\/www.confere.org.br\/wordpress\/wp-json\/wp\/v2\/users\/3"}],"replies":[{"embeddable":true,"href":"https:\/\/www.confere.org.br\/wordpress\/wp-json\/wp\/v2\/comments?post=2677"}],"version-history":[{"count":2,"href":"https:\/\/www.confere.org.br\/wordpress\/wp-json\/wp\/v2\/posts\/2677\/revisions"}],"predecessor-version":[{"id":2683,"href":"https:\/\/www.confere.org.br\/wordpress\/wp-json\/wp\/v2\/posts\/2677\/revisions\/2683"}],"wp:featuredmedia":[{"embeddable":true,"href":"https:\/\/www.confere.org.br\/wordpress\/wp-json\/wp\/v2\/media\/2678"}],"wp:attachment":[{"href":"https:\/\/www.confere.org.br\/wordpress\/wp-json\/wp\/v2\/media?parent=2677"}],"wp:term":[{"taxonomy":"category","embeddable":true,"href":"https:\/\/www.confere.org.br\/wordpress\/wp-json\/wp\/v2\/categories?post=2677"},{"taxonomy":"post_tag","embeddable":true,"href":"https:\/\/www.confere.org.br\/wordpress\/wp-json\/wp\/v2\/tags?post=2677"}],"curies":[{"name":"wp","href":"https:\/\/api.w.org\/{rel}","templated":true}]}}