{"id":2684,"date":"2020-03-19T10:38:00","date_gmt":"2020-03-19T13:38:00","guid":{"rendered":"https:\/\/www.confere.org.br\/wordpress\/?p=2684"},"modified":"2020-03-20T10:40:20","modified_gmt":"2020-03-20T13:40:20","slug":"segurados-sao-dispensados-da-pericia-medica-presencial","status":"publish","type":"post","link":"https:\/\/www.confere.org.br\/wordpress\/segurados-sao-dispensados-da-pericia-medica-presencial\/","title":{"rendered":"Segurados s\u00e3o dispensados da per\u00edcia m\u00e9dica presencial"},"content":{"rendered":"\n<p>Foram anunciadas, nesta quinta-feira (19\/03), novas medidas em fun\u00e7\u00e3o da pandemia do coronav\u00edrus no Brasil. A partir de agora, o INSS, em conjunto com a Per\u00edcia M\u00e9dica Federal, dispensar\u00e1 o segurado da necessidade de comparecer em uma ag\u00eancia para a per\u00edcia m\u00e9dica presencial. Dessa forma, os segurados que fizerem requerimentos de aux\u00edlio-doen\u00e7a e Benef\u00edcio de Presta\u00e7\u00e3o Continuada (BPC) para pessoa com defici\u00eancia devem enviar o atestado m\u00e9dico pelo Meu INSS, aplicativo ou internet. A medida tem por objetivo assegurar a sa\u00fade dos cidad\u00e3os, em especial a dos idosos. O ato oficial ser\u00e1 publicado amanh\u00e3.<\/p>\n\n\n\n<p>Ap\u00f3s o upload do atestado, o documento ser\u00e1 recepcionado pela per\u00edcia m\u00e9dica, que far\u00e1 as devidas verifica\u00e7\u00f5es. A medida acelerar\u00e1 o processo de an\u00e1lise e evitar\u00e1 que milhares de pessoas se desloquem para uma ag\u00eancia. Vale destacar que, para quem j\u00e1 fez o requerimento, basta enviar o atestado pelo Meu INSS.<\/p>\n\n\n\n<p>Com a medida, as ag\u00eancias estar\u00e3o fechadas e um servidor estar\u00e1 de plant\u00e3o, por telefone, para esclarecer eventuais d\u00favidas sobre o meu INSS. Ser\u00e3o disponibilizados para os segurados os telefones das ag\u00eancias para que entrem em contato.<\/p>\n\n\n\n<p>Vale lembrar que todas as medidas tamb\u00e9m se estendem ao segurado que tenha a covid-19, ou seja, em caso de requerimento do aux\u00edlio-doen\u00e7a, todo o processo deve ser virtual.<\/p>\n\n\n\n<p>Os segurados que aguardam a an\u00e1lise do BPC (para pessoa com defici\u00eancia) tamb\u00e9m poder\u00e3o receber um adiantamento de R$ 200, ou seja, com a medida, h\u00e1 a possibilidade de zerar a fila de requerimentos desse benef\u00edcio, que hoje \u00e9 de cerca de 470 mil \u00e0 espera de an\u00e1lise. Contudo, a medida, para ser implementada, precisa de aprova\u00e7\u00e3o de projeto de lei que ser\u00e1 enviado ao Congresso Nacional.<\/p>\n\n\n\n<p>Outra medida que visa \u00e0 seguran\u00e7a dos segurados \u00e9 suspender a necessidade de cadastro no Cad\u00danico para receber o BPC.<\/p>\n\n\n\n<p>Com todas essas medidas, o INSS, al\u00e9m de garantir a sa\u00fade dos segurados, que n\u00e3o precisar\u00e3o mais ir \u00e0s ag\u00eancias, pretende agilizar a an\u00e1lise dos requerimentos, uma vez que servidores que foram retirados do atendimento ao p\u00fablico ser\u00e3o realocados para a an\u00e1lise de requerimentos. O INSS espera que, nos pr\u00f3ximos dias, grande parte dos servidores j\u00e1 estejam trabalhando na an\u00e1lise, de forma remota. Nesse regime de teletrabalho, cabe destacar, h\u00e1 metas de desempenho a serem cumpridas, o que garantir\u00e1 ao segurado maior agilidade na an\u00e1lise dos requerimentos.<\/p>\n\n\n\n<p><strong>Seguran\u00e7a para os cidad\u00e3os<\/strong><\/p>\n\n\n\n<p>\u00c9 importante destacar que os segurados n\u00e3o precisam sair de casa, em especial os idosos, evitando, assim, a exposi\u00e7\u00e3o ao risco de cont\u00e1gio. \u00c9 poss\u00edvel acessar os servi\u00e7os direto pelo\u00a0<a rel=\"noreferrer noopener\" href=\"https:\/\/meu.inss.gov.br\/central\/#\/login?redirectUrl=\/\" target=\"_blank\">Meu INSS<\/a>, no site ou aplicativo para celular.<\/p>\n\n\n\n<p><br><br>Fonte: www.inss.gov.br<\/p>\n","protected":false},"excerpt":{"rendered":"<p>Medida visa a assegurar que cidad\u00e3os n\u00e3o saiam de casa para evitar exposi\u00e7\u00e3o ao risco de cont\u00e1gio. Servi\u00e7os est\u00e3o dispon\u00edveis pelo Meu INSS<\/p>\n","protected":false},"author":3,"featured_media":2685,"comment_status":"closed","ping_status":"closed","sticky":false,"template":"","format":"standard","meta":[],"categories":[2],"tags":[],"_links":{"self":[{"href":"https:\/\/www.confere.org.br\/wordpress\/wp-json\/wp\/v2\/posts\/2684"}],"collection":[{"href":"https:\/\/www.confere.org.br\/wordpress\/wp-json\/wp\/v2\/posts"}],"about":[{"href":"https:\/\/www.confere.org.br\/wordpress\/wp-json\/wp\/v2\/types\/post"}],"author":[{"embeddable":true,"href":"https:\/\/www.confere.org.br\/wordpress\/wp-json\/wp\/v2\/users\/3"}],"replies":[{"embeddable":true,"href":"https:\/\/www.confere.org.br\/wordpress\/wp-json\/wp\/v2\/comments?post=2684"}],"version-history":[{"count":2,"href":"https:\/\/www.confere.org.br\/wordpress\/wp-json\/wp\/v2\/posts\/2684\/revisions"}],"predecessor-version":[{"id":2687,"href":"https:\/\/www.confere.org.br\/wordpress\/wp-json\/wp\/v2\/posts\/2684\/revisions\/2687"}],"wp:featuredmedia":[{"embeddable":true,"href":"https:\/\/www.confere.org.br\/wordpress\/wp-json\/wp\/v2\/media\/2685"}],"wp:attachment":[{"href":"https:\/\/www.confere.org.br\/wordpress\/wp-json\/wp\/v2\/media?parent=2684"}],"wp:term":[{"taxonomy":"category","embeddable":true,"href":"https:\/\/www.confere.org.br\/wordpress\/wp-json\/wp\/v2\/categories?post=2684"},{"taxonomy":"post_tag","embeddable":true,"href":"https:\/\/www.confere.org.br\/wordpress\/wp-json\/wp\/v2\/tags?post=2684"}],"curies":[{"name":"wp","href":"https:\/\/api.w.org\/{rel}","templated":true}]}}