{"id":2694,"date":"2020-03-20T15:19:00","date_gmt":"2020-03-20T18:19:00","guid":{"rendered":"https:\/\/www.confere.org.br\/wordpress\/?p=2694"},"modified":"2022-11-18T11:03:29","modified_gmt":"2022-11-18T14:03:29","slug":"2020-resolucao-no-1-149-2020","status":"publish","type":"post","link":"https:\/\/www.confere.org.br\/wordpress\/2020-resolucao-no-1-149-2020\/","title":{"rendered":"2020 &#8211; Resolu\u00e7\u00e3o n\u00ba 1.149\/2020"},"content":{"rendered":"\n<p>Disp\u00f5e sobre prorroga\u00e7\u00e3o de prazos e isen\u00e7\u00e3o de acr\u00e9scimos legais.<\/p>\n\n\n\n<p><a href=\"https:\/\/www.confere.org.br\/wordpress\/wp-content\/uploads\/2020\/04\/Resolucao-1149-prorrogacao-isencao-multas-juros_.pdf\">https:\/\/www.confere.org.br\/wordpress\/wp-content\/uploads\/2020\/04\/Resolucao-1149-prorrogacao-isencao-multas-juros_.pdf<\/a><\/p>\n","protected":false},"excerpt":{"rendered":"<p>1.149, Resolu\u00e7\u00e3o, https:\/\/www.confere.org.br\/wordpress\/wp-content\/uploads\/2020\/04\/Resolucao-1149-prorrogacao-isencao-multas-juros_.pdf<\/p>\n","protected":false},"author":3,"featured_media":0,"comment_status":"closed","ping_status":"closed","sticky":false,"template":"","format":"standard","meta":[],"categories":[52],"tags":[],"_links":{"self":[{"href":"https:\/\/www.confere.org.br\/wordpress\/wp-json\/wp\/v2\/posts\/2694"}],"collection":[{"href":"https:\/\/www.confere.org.br\/wordpress\/wp-json\/wp\/v2\/posts"}],"about":[{"href":"https:\/\/www.confere.org.br\/wordpress\/wp-json\/wp\/v2\/types\/post"}],"author":[{"embeddable":true,"href":"https:\/\/www.confere.org.br\/wordpress\/wp-json\/wp\/v2\/users\/3"}],"replies":[{"embeddable":true,"href":"https:\/\/www.confere.org.br\/wordpress\/wp-json\/wp\/v2\/comments?post=2694"}],"version-history":[{"count":2,"href":"https:\/\/www.confere.org.br\/wordpress\/wp-json\/wp\/v2\/posts\/2694\/revisions"}],"predecessor-version":[{"id":2817,"href":"https:\/\/www.confere.org.br\/wordpress\/wp-json\/wp\/v2\/posts\/2694\/revisions\/2817"}],"wp:attachment":[{"href":"https:\/\/www.confere.org.br\/wordpress\/wp-json\/wp\/v2\/media?parent=2694"}],"wp:term":[{"taxonomy":"category","embeddable":true,"href":"https:\/\/www.confere.org.br\/wordpress\/wp-json\/wp\/v2\/categories?post=2694"},{"taxonomy":"post_tag","embeddable":true,"href":"https:\/\/www.confere.org.br\/wordpress\/wp-json\/wp\/v2\/tags?post=2694"}],"curies":[{"name":"wp","href":"https:\/\/api.w.org\/{rel}","templated":true}]}}