{"id":2697,"date":"2020-03-20T15:21:00","date_gmt":"2020-03-20T18:21:00","guid":{"rendered":"https:\/\/www.confere.org.br\/wordpress\/?p=2697"},"modified":"2022-11-18T11:03:20","modified_gmt":"2022-11-18T14:03:20","slug":"2020-resolucao-no-1-148-2020","status":"publish","type":"post","link":"https:\/\/www.confere.org.br\/wordpress\/2020-resolucao-no-1-148-2020\/","title":{"rendered":"2020 &#8211; Resolu\u00e7\u00e3o n\u00ba 1.148\/2020"},"content":{"rendered":"\n<p> Disp\u00f5e sobre a substitui\u00e7\u00e3o do interventor no Core-Alagoas. <\/p>\n\n\n\n<p><a href=\"https:\/\/www.confere.org.br\/wordpress\/wp-content\/uploads\/2020\/03\/2020-Resolucao-Core-al-Subst-Dr-Daniel_Interventor.pdf\">https:\/\/www.confere.org.br\/wordpress\/wp-content\/uploads\/2020\/03\/2020-Resolucao-Core-al-Subst-Dr-Daniel_Interventor.pdf<\/a><\/p>\n","protected":false},"excerpt":{"rendered":"<p>1.148, Resolu\u00e7\u00e3o, https:\/\/www.confere.org.br\/wordpress\/wp-content\/uploads\/2020\/03\/2020-Resolucao-Core-al-Subst-Dr-Daniel_Interventor.pdf<\/p>\n","protected":false},"author":3,"featured_media":0,"comment_status":"closed","ping_status":"closed","sticky":false,"template":"","format":"standard","meta":[],"categories":[52],"tags":[],"_links":{"self":[{"href":"https:\/\/www.confere.org.br\/wordpress\/wp-json\/wp\/v2\/posts\/2697"}],"collection":[{"href":"https:\/\/www.confere.org.br\/wordpress\/wp-json\/wp\/v2\/posts"}],"about":[{"href":"https:\/\/www.confere.org.br\/wordpress\/wp-json\/wp\/v2\/types\/post"}],"author":[{"embeddable":true,"href":"https:\/\/www.confere.org.br\/wordpress\/wp-json\/wp\/v2\/users\/3"}],"replies":[{"embeddable":true,"href":"https:\/\/www.confere.org.br\/wordpress\/wp-json\/wp\/v2\/comments?post=2697"}],"version-history":[{"count":2,"href":"https:\/\/www.confere.org.br\/wordpress\/wp-json\/wp\/v2\/posts\/2697\/revisions"}],"predecessor-version":[{"id":2711,"href":"https:\/\/www.confere.org.br\/wordpress\/wp-json\/wp\/v2\/posts\/2697\/revisions\/2711"}],"wp:attachment":[{"href":"https:\/\/www.confere.org.br\/wordpress\/wp-json\/wp\/v2\/media?parent=2697"}],"wp:term":[{"taxonomy":"category","embeddable":true,"href":"https:\/\/www.confere.org.br\/wordpress\/wp-json\/wp\/v2\/categories?post=2697"},{"taxonomy":"post_tag","embeddable":true,"href":"https:\/\/www.confere.org.br\/wordpress\/wp-json\/wp\/v2\/tags?post=2697"}],"curies":[{"name":"wp","href":"https:\/\/api.w.org\/{rel}","templated":true}]}}