{"id":270,"date":"2019-09-19T14:40:55","date_gmt":"2019-09-19T17:40:55","guid":{"rendered":"http:\/\/www.confere.org.br\/wordpress\/?p=270"},"modified":"2019-11-07T12:07:26","modified_gmt":"2019-11-07T15:07:26","slug":"alerta-as-industrias","status":"publish","type":"post","link":"https:\/\/www.confere.org.br\/wordpress\/alerta-as-industrias\/","title":{"rendered":"Alerta \u00e0s Ind\u00fastrias"},"content":{"rendered":"\n<p>O Conselho Federal dos Representantes Comerciais &#8211; Confere, cumprindo seu dever institucional e participando do grande esfor\u00e7o nacional de moraliza\u00e7\u00e3o das institui\u00e7\u00f5es, alerta os senhores empres\u00e1rios da ind\u00fastria e do com\u00e9rcio, que&nbsp;\u00e9 obrigat\u00f3rio o registro dos que exercem a representa\u00e7\u00e3o comercial, pessoas f\u00edsicas e jur\u00eddicas, nos Conselhos Regionais dos Representantes Comerciais, conforme determina o art. 2\u00ba da Lei Federal n\u00ba 4.886\/65.<\/p>\n\n\n\n<p>Empresas que contratam servi\u00e7os de representa\u00e7\u00e3o comercial sem exigir o competente registro do profissional no Conselho Regional dos Representantes Comerciais do seu respectivo estado, correm o risco de pagar pesadas indeniza\u00e7\u00f5es no \u00e2mbito da Justi\u00e7a do Trabalho, caso o contratado venha a pleitear o reconhecimento do v\u00ednculo empregat\u00edcio.<\/p>\n\n\n\n<p>Exigindo o registro do representante no Conselho Regional dos Representantes Comerciais &#8211; Core, al\u00e9m de estar contratando profissional aut\u00f4nomo, legalmente habilitado ao exerc\u00edcio da atividade de representa\u00e7\u00e3o comercial, as representadas estar\u00e3o a salvo de eventuais derrotas judiciais nesse sentido.<\/p>\n\n\n\n<p>Portanto, em obedi\u00eancia \u00e0 Lei, como tamb\u00e9m objetivando garantir \u00e0s empresas a necess\u00e1ria defesa, em hip\u00f3tese de demandas trabalhistas, devem as mesmas se abster de contratar representantes comerciais, pessoas f\u00edsicas ou jur\u00eddicas, sem a comprova\u00e7\u00e3o do registro habilitat\u00f3rio no Conselho Regional dos Representantes Comerciais do estado em que os mesmos sejam, respectivamente, domiciliados ou sediados.<\/p>\n\n\n\n<p>Visando a resguardar seus pr\u00f3prios interesses, as ind\u00fastrias devem contratar somente profissionais legalmente habilitados pelos Conselhos Regionais dos Representantes Comerciais.<\/p>\n\n\n\n<hr class=\"wp-block-separator\"\/>\n\n\n\n<div style=\"height:30px\" aria-hidden=\"true\" class=\"wp-block-spacer\"><\/div>\n\n\n\n<div class=\"wp-block-file\"><a href=\"https:\/\/www.confere.org.br\/wordpress\/wp-content\/uploads\/2019\/08\/Pesquisa-Jurisprudencial.pdf\"><img width=\"30\" height=\"21\" class=\"wp-image-275\" style=\"width: 30px;\" src=\"https:\/\/www.confere.org.br\/wordpress\/wp-content\/uploads\/2019\/09\/icone_download.png\" alt=\"\"> <a rel=\"noreferrer noopener\" aria-label=\" (abre numa nova aba)\" href=\"https:\/\/confere.org.br\/PDF\/Pesquisa%20Jurisprudencial.pdf\" target=\"_blank\">Pesquisa Jurisprudencial sobre v\u00ednculo empregat\u00edcio<\/a><\/a><a href=\"https:\/\/www.confere.org.br\/wordpress\/wp-content\/uploads\/2019\/08\/Pesquisa-Jurisprudencial.pdf\" class=\"wp-block-file__button\" download><\/a><\/div>\n","protected":false},"excerpt":{"rendered":"<p>O Conselho Federal dos Representantes Comerciais &#8211; Confere, cumprindo seu dever institucional e participando do grande esfor\u00e7o nacional de moraliza\u00e7\u00e3o das institui\u00e7\u00f5es, alerta os senhores empres\u00e1rios da ind\u00fastria e do com\u00e9rcio, que&nbsp;\u00e9 obrigat\u00f3rio o registro dos que exercem a representa\u00e7\u00e3o comercial, pessoas f\u00edsicas e jur\u00eddicas, nos Conselhos Regionais dos Representantes Comerciais, conforme determina o art. &hellip; <\/p>\n<p class=\"link-more\"><a href=\"https:\/\/www.confere.org.br\/wordpress\/alerta-as-industrias\/\" class=\"more-link\">Continue lendo<span class=\"screen-reader-text\"> &#8220;Alerta \u00e0s Ind\u00fastrias&#8221;<\/span><\/a><\/p>\n","protected":false},"author":3,"featured_media":0,"comment_status":"closed","ping_status":"open","sticky":false,"template":"","format":"standard","meta":[],"categories":[17],"tags":[],"_links":{"self":[{"href":"https:\/\/www.confere.org.br\/wordpress\/wp-json\/wp\/v2\/posts\/270"}],"collection":[{"href":"https:\/\/www.confere.org.br\/wordpress\/wp-json\/wp\/v2\/posts"}],"about":[{"href":"https:\/\/www.confere.org.br\/wordpress\/wp-json\/wp\/v2\/types\/post"}],"author":[{"embeddable":true,"href":"https:\/\/www.confere.org.br\/wordpress\/wp-json\/wp\/v2\/users\/3"}],"replies":[{"embeddable":true,"href":"https:\/\/www.confere.org.br\/wordpress\/wp-json\/wp\/v2\/comments?post=270"}],"version-history":[{"count":4,"href":"https:\/\/www.confere.org.br\/wordpress\/wp-json\/wp\/v2\/posts\/270\/revisions"}],"predecessor-version":[{"id":816,"href":"https:\/\/www.confere.org.br\/wordpress\/wp-json\/wp\/v2\/posts\/270\/revisions\/816"}],"wp:attachment":[{"href":"https:\/\/www.confere.org.br\/wordpress\/wp-json\/wp\/v2\/media?parent=270"}],"wp:term":[{"taxonomy":"category","embeddable":true,"href":"https:\/\/www.confere.org.br\/wordpress\/wp-json\/wp\/v2\/categories?post=270"},{"taxonomy":"post_tag","embeddable":true,"href":"https:\/\/www.confere.org.br\/wordpress\/wp-json\/wp\/v2\/tags?post=270"}],"curies":[{"name":"wp","href":"https:\/\/api.w.org\/{rel}","templated":true}]}}