{"id":2712,"date":"2020-03-23T10:26:00","date_gmt":"2020-03-23T13:26:00","guid":{"rendered":"https:\/\/www.confere.org.br\/wordpress\/?p=2712"},"modified":"2020-03-23T10:56:41","modified_gmt":"2020-03-23T13:56:41","slug":"bndes-anuncia-suspensao-de-cobranca-de-emprestimos-por-6-meses-em-razao-do-coronavirus","status":"publish","type":"post","link":"https:\/\/www.confere.org.br\/wordpress\/bndes-anuncia-suspensao-de-cobranca-de-emprestimos-por-6-meses-em-razao-do-coronavirus\/","title":{"rendered":"BNDES anuncia suspens\u00e3o de cobran\u00e7a de empr\u00e9stimos por 6 meses em raz\u00e3o do coronav\u00edrus"},"content":{"rendered":"\n<p>O BNDES anunciou neste domingo (22) a suspens\u00e3o de cobran\u00e7a de empr\u00e9stimos por 6 meses em raz\u00e3o do coronav\u00edrus.<\/p>\n\n\n\n<p>Ser\u00e3o atendidos com a a\u00e7\u00e3o setores como Petr\u00f3leo e G\u00e1s, Aeroportos, Portos, Energia, Transporte, Mobilidade Urbana, Sa\u00fade, Ind\u00fastria e Com\u00e9rcio e Servi\u00e7os, num total de R$ 30 bilh\u00f5es, sendo R$ 19 bilh\u00f5es para as opera\u00e7\u00f5es diretas e R$ 11 bilh\u00f5es para indiretas.<\/p>\n\n\n\n<p>O adiamento faz parte de um pacote de medidas, que inclui a inje\u00e7\u00e3o de R$ 55 bilh\u00f5es na economia para refor\u00e7ar o caixa de empresas e apoiar trabalhadores que enfrentam efeitos da crise.<\/p>\n\n\n\n<p>O valor equivale a quase o total de desembolsos do banco ao longo de 2019. O dinheiro ser\u00e1 direcionado a 150 mil empresas, que t\u00eam 2 milh\u00f5es de funcion\u00e1rios, segundo o banco.<\/p>\n\n\n\n<p>&#8220;S\u00e3o quatro medidas que injetam R$ 55 bilh\u00f5es no sistema financeiro brasileiro&#8221;, disse o presidente do BNDES, Gustavo Montezano, em transmiss\u00e3o ao vivo pela internet.<\/p>\n\n\n\n<p>Al\u00e9m da suspens\u00e3o dos pagamentos de empr\u00e9stimos diretos e indiretos, tamb\u00e9m est\u00e3o inclu\u00eddas no pacote a transfer\u00eancia de R$ 20 bilh\u00f5es do PIS\/PASEP para o FGTS dos trabalhadores<\/p>\n\n\n\n<p>Os recursos v\u00eam da venda de R$ 22 bilh\u00f5es de a\u00e7\u00f5es da Petrobras, em leil\u00e3o realizado no dia 5 de fevereiro. Segundo Montezano, a ideia \u00e9 &#8220;irrigar o bolso do trabalhador brasileiro&#8221;.<\/p>\n\n\n\n<h4><br>Micro, pequenas e m\u00e9dias empresas<\/h4>\n\n\n\n<p>Por fim, o banco destinar\u00e1 R$ 5 bilh\u00f5es em cr\u00e9dito para micro, pequenas e m\u00e9dias empresas.<\/p>\n\n\n\n<p>Uma a\u00e7\u00e3o imediata \u00e9 a amplia\u00e7\u00e3o da linha \u201cBNDES Cr\u00e9dito Pequenas Empresas\u201d com a expans\u00e3o da oferta de capital para empresas com faturamento anual at\u00e9 R$ 300 milh\u00f5es.<\/p>\n\n\n\n<p>O limite de cr\u00e9dito por benefici\u00e1rio passar\u00e1 de R$ 10 milh\u00f5es para R$ 70 milh\u00f5es por ano, colaborando com a necessidade de capital de giro das empresas.<\/p>\n\n\n\n<p>As empresas n\u00e3o precisar\u00e3o especificar a destina\u00e7\u00e3o dos recursos. Os empr\u00e9stimos ter\u00e3o car\u00eancia de at\u00e9 24 meses e prazo total de pagamento de 60 meses.<\/p>\n\n\n\n<p>&#8220;Reconhecemos que o v\u00edrus tem que ser tratado com o devido cuidado &#8211; ele pode ser fatal para determinada camada da sociedade. Isso nos preocupa muito, a vida em primeiro lugar. Por outro lado, n\u00e3o perdermos emprego \u00e9 muito importante. Assim sendo, essas medida s\u00e3o de extrema import\u00e2ncia&#8221;, avaliou o presidente Jair Bolsonaro durante a transmiss\u00e3o.<\/p>\n\n\n\n<p>Segundo Gustavo Montezano, do BNDES, o banco passou pelo o que ele chamou de revolu\u00e7\u00e3o tecnol\u00f3gica, com a altera\u00e7\u00e3o dos sistemas operacionais &#8211; o que permite que 100% dos funcion\u00e1rios do BNDES trabalhem de casa.<\/p>\n\n\n\n<p><br><br>Fonte: www.g1.globo.com<\/p>\n","protected":false},"excerpt":{"rendered":"<p>Banco anunciou tamb\u00e9m que ir\u00e1 injetar R$ 55 bilh\u00f5es na economia, o equivalente a quase todo o desembolso feito em 2019. Ser\u00e3o R$ 5 bilh\u00f5es para micro, pequenas e m\u00e9dias empresas.<\/p>\n","protected":false},"author":3,"featured_media":2713,"comment_status":"closed","ping_status":"closed","sticky":false,"template":"","format":"standard","meta":[],"categories":[2],"tags":[],"_links":{"self":[{"href":"https:\/\/www.confere.org.br\/wordpress\/wp-json\/wp\/v2\/posts\/2712"}],"collection":[{"href":"https:\/\/www.confere.org.br\/wordpress\/wp-json\/wp\/v2\/posts"}],"about":[{"href":"https:\/\/www.confere.org.br\/wordpress\/wp-json\/wp\/v2\/types\/post"}],"author":[{"embeddable":true,"href":"https:\/\/www.confere.org.br\/wordpress\/wp-json\/wp\/v2\/users\/3"}],"replies":[{"embeddable":true,"href":"https:\/\/www.confere.org.br\/wordpress\/wp-json\/wp\/v2\/comments?post=2712"}],"version-history":[{"count":2,"href":"https:\/\/www.confere.org.br\/wordpress\/wp-json\/wp\/v2\/posts\/2712\/revisions"}],"predecessor-version":[{"id":2715,"href":"https:\/\/www.confere.org.br\/wordpress\/wp-json\/wp\/v2\/posts\/2712\/revisions\/2715"}],"wp:featuredmedia":[{"embeddable":true,"href":"https:\/\/www.confere.org.br\/wordpress\/wp-json\/wp\/v2\/media\/2713"}],"wp:attachment":[{"href":"https:\/\/www.confere.org.br\/wordpress\/wp-json\/wp\/v2\/media?parent=2712"}],"wp:term":[{"taxonomy":"category","embeddable":true,"href":"https:\/\/www.confere.org.br\/wordpress\/wp-json\/wp\/v2\/categories?post=2712"},{"taxonomy":"post_tag","embeddable":true,"href":"https:\/\/www.confere.org.br\/wordpress\/wp-json\/wp\/v2\/tags?post=2712"}],"curies":[{"name":"wp","href":"https:\/\/api.w.org\/{rel}","templated":true}]}}