{"id":2719,"date":"2020-03-23T11:07:01","date_gmt":"2020-03-23T14:07:01","guid":{"rendered":"https:\/\/www.confere.org.br\/wordpress\/?p=2719"},"modified":"2020-03-23T11:07:54","modified_gmt":"2020-03-23T14:07:54","slug":"confira-as-medidas-tomadas-pelo-ministerio-da-economia-em-funcao-da-covid-19-coronavirus","status":"publish","type":"post","link":"https:\/\/www.confere.org.br\/wordpress\/confira-as-medidas-tomadas-pelo-ministerio-da-economia-em-funcao-da-covid-19-coronavirus\/","title":{"rendered":"Confira as medidas tomadas pelo Minist\u00e9rio da Economia em fun\u00e7\u00e3o da Covid-19 (Coronav\u00edrus)"},"content":{"rendered":"\n<p>As novidades, que somam R$ 55 bilh\u00f5es s\u00e3o: \u00a0(I) transfer\u00eancia de recursos do Fundo PIS-PASEP para o Fundo de Garantia do Tempo de Servi\u00e7o (FGTS), no valor de R$ 20 bilh\u00f5es; (II) suspens\u00e3o tempor\u00e1ria de pagamentos de parcelas de financiamentos diretos para empresas no valor de R$ 19 bilh\u00f5es; (III) suspens\u00e3o tempor\u00e1ria de pagamentos de parcelas de financiamentos indiretos para empresas no valor de R$ 11 bilh\u00f5es; (IV)\u00a0\u00a0\u00a0\u00a0\u00a0\u00a0\u00a0\u00a0\u00a0 amplia\u00e7\u00e3o do cr\u00e9dito para micro, pequenas e m\u00e9dias empresas (MPMEs), por meio dos bancos parceiros, no valor de R$ 5 bilh\u00f5es (conforme j\u00e1 anunciado em 16 de mar\u00e7o);<\/p>\n\n\n\n<p>O governo federal colocou no ar a plataforma Todos por Todos, para que empresas, entidades e associa\u00e7\u00f5es, al\u00e9m dos \u00f3rg\u00e3os p\u00fablicos, possam agora oferecer servi\u00e7os e produtos gratuitos ou em car\u00e1ter de emerg\u00eancia. A p\u00e1gina \u00e9 acess\u00edvel pelo link\u00a0<a rel=\"noreferrer noopener\" href=\"http:\/\/www.economia.gov.br\/noticias\/2020\/marco\/confira-as-medidas-tomadas-pelo-ministerio-da-economia-em-funcao-do-covid-19-coronavirus\" target=\"_blank\">www.gov.br\/todosportodos\u00a0<\/a>e concentra uma rede voltada aos cidad\u00e3os para que todos possam ter acesso aos servi\u00e7os e informa\u00e7\u00f5es sobre a pandemia da Covid-19 (coronav\u00edrus).<\/p>\n\n\n\n<p><br><br>Fonte: www.economia.gov.br<\/p>\n","protected":false},"excerpt":{"rendered":"<p>O governo federal e o Banco Nacional de Desenvolvimento Econ\u00f4mico e Social (BNDES) anunciaram medidas em car\u00e1ter emergencial para ajudar a mitigar os efeitos da pandemia do novo coronav\u00edrus no Brasil;<\/p>\n","protected":false},"author":3,"featured_media":2720,"comment_status":"closed","ping_status":"closed","sticky":false,"template":"","format":"standard","meta":[],"categories":[2],"tags":[],"_links":{"self":[{"href":"https:\/\/www.confere.org.br\/wordpress\/wp-json\/wp\/v2\/posts\/2719"}],"collection":[{"href":"https:\/\/www.confere.org.br\/wordpress\/wp-json\/wp\/v2\/posts"}],"about":[{"href":"https:\/\/www.confere.org.br\/wordpress\/wp-json\/wp\/v2\/types\/post"}],"author":[{"embeddable":true,"href":"https:\/\/www.confere.org.br\/wordpress\/wp-json\/wp\/v2\/users\/3"}],"replies":[{"embeddable":true,"href":"https:\/\/www.confere.org.br\/wordpress\/wp-json\/wp\/v2\/comments?post=2719"}],"version-history":[{"count":2,"href":"https:\/\/www.confere.org.br\/wordpress\/wp-json\/wp\/v2\/posts\/2719\/revisions"}],"predecessor-version":[{"id":2722,"href":"https:\/\/www.confere.org.br\/wordpress\/wp-json\/wp\/v2\/posts\/2719\/revisions\/2722"}],"wp:featuredmedia":[{"embeddable":true,"href":"https:\/\/www.confere.org.br\/wordpress\/wp-json\/wp\/v2\/media\/2720"}],"wp:attachment":[{"href":"https:\/\/www.confere.org.br\/wordpress\/wp-json\/wp\/v2\/media?parent=2719"}],"wp:term":[{"taxonomy":"category","embeddable":true,"href":"https:\/\/www.confere.org.br\/wordpress\/wp-json\/wp\/v2\/categories?post=2719"},{"taxonomy":"post_tag","embeddable":true,"href":"https:\/\/www.confere.org.br\/wordpress\/wp-json\/wp\/v2\/tags?post=2719"}],"curies":[{"name":"wp","href":"https:\/\/api.w.org\/{rel}","templated":true}]}}