{"id":2725,"date":"2020-03-23T11:46:42","date_gmt":"2020-03-23T14:46:42","guid":{"rendered":"https:\/\/www.confere.org.br\/wordpress\/?p=2725"},"modified":"2020-03-23T11:51:54","modified_gmt":"2020-03-23T14:51:54","slug":"nova-resolucao-do-confere-dispoe-sobre-prorrogacao-de-prazos-e-isencao-de-multas-nas-negociacoes-de-debito","status":"publish","type":"post","link":"https:\/\/www.confere.org.br\/wordpress\/nova-resolucao-do-confere-dispoe-sobre-prorrogacao-de-prazos-e-isencao-de-multas-nas-negociacoes-de-debito\/","title":{"rendered":"Nova Resolu\u00e7\u00e3o do Confere disp\u00f5e sobre prorroga\u00e7\u00e3o de prazos e isen\u00e7\u00e3o de multas nas negocia\u00e7\u00f5es de d\u00e9bito"},"content":{"rendered":"\n<p>Como medida de apoio \u00e0 categoria profissional dos Representantes Comerciais, durante a pandemia do Coronav\u00edrus os Conselhos  Regionais foram autorizados a concederem car\u00eancia de at\u00e9 90 dias para pagamento, pelo representante comercial, pessoa f\u00edsica ou jur\u00eddica, da primeira parcela dos acordos de negocia\u00e7\u00e3o de d\u00e9bitos. <\/p>\n\n\n\n<p>A medida vale para acordos firmados a partir de 20 de mar\u00e7o. J\u00e1 os prazos dos acordos em curso poder\u00e3o ser prorrogados  por at\u00e9 60 dias, contados dos vencimentos de cada parcela.<\/p>\n\n\n\n<p>Mais informa\u00e7\u00f5es na <a href=\"https:\/\/www.confere.org.br\/wordpress\/wp-content\/uploads\/2020\/03\/Resolucao-1149-prorrogacao-isencao-multas-juros.pdf\" target=\"_blank\" rel=\"noreferrer noopener\" aria-label=\"Resolu\u00e7\u00e3o n\u00ba 1.149\/2020 (abre numa nova aba)\">Resolu\u00e7\u00e3o n\u00ba 1.149\/2020<\/a>, do dia 20 de mar\u00e7o de 2020.<\/p>\n","protected":false},"excerpt":{"rendered":"<p>Mais informa\u00e7\u00f5es na Resolu\u00e7\u00e3o n\u00ba 1.149\/2020, do dia 20 de mar\u00e7o de 2020<\/p>\n","protected":false},"author":3,"featured_media":2724,"comment_status":"closed","ping_status":"closed","sticky":false,"template":"","format":"standard","meta":[],"categories":[34,49],"tags":[],"_links":{"self":[{"href":"https:\/\/www.confere.org.br\/wordpress\/wp-json\/wp\/v2\/posts\/2725"}],"collection":[{"href":"https:\/\/www.confere.org.br\/wordpress\/wp-json\/wp\/v2\/posts"}],"about":[{"href":"https:\/\/www.confere.org.br\/wordpress\/wp-json\/wp\/v2\/types\/post"}],"author":[{"embeddable":true,"href":"https:\/\/www.confere.org.br\/wordpress\/wp-json\/wp\/v2\/users\/3"}],"replies":[{"embeddable":true,"href":"https:\/\/www.confere.org.br\/wordpress\/wp-json\/wp\/v2\/comments?post=2725"}],"version-history":[{"count":3,"href":"https:\/\/www.confere.org.br\/wordpress\/wp-json\/wp\/v2\/posts\/2725\/revisions"}],"predecessor-version":[{"id":2728,"href":"https:\/\/www.confere.org.br\/wordpress\/wp-json\/wp\/v2\/posts\/2725\/revisions\/2728"}],"wp:featuredmedia":[{"embeddable":true,"href":"https:\/\/www.confere.org.br\/wordpress\/wp-json\/wp\/v2\/media\/2724"}],"wp:attachment":[{"href":"https:\/\/www.confere.org.br\/wordpress\/wp-json\/wp\/v2\/media?parent=2725"}],"wp:term":[{"taxonomy":"category","embeddable":true,"href":"https:\/\/www.confere.org.br\/wordpress\/wp-json\/wp\/v2\/categories?post=2725"},{"taxonomy":"post_tag","embeddable":true,"href":"https:\/\/www.confere.org.br\/wordpress\/wp-json\/wp\/v2\/tags?post=2725"}],"curies":[{"name":"wp","href":"https:\/\/api.w.org\/{rel}","templated":true}]}}