{"id":2730,"date":"2020-03-23T16:45:48","date_gmt":"2020-03-23T19:45:48","guid":{"rendered":"https:\/\/www.confere.org.br\/wordpress\/?p=2730"},"modified":"2020-03-23T16:56:41","modified_gmt":"2020-03-23T19:56:41","slug":"bolsonaro-diz-que-mandou-revogar-artigo-da-mp-que-permite-suspensao-de-contrato-de-trabalho","status":"publish","type":"post","link":"https:\/\/www.confere.org.br\/wordpress\/bolsonaro-diz-que-mandou-revogar-artigo-da-mp-que-permite-suspensao-de-contrato-de-trabalho\/","title":{"rendered":"Bolsonaro revoga artigo da MP que permite suspens\u00e3o de contrato de trabalho"},"content":{"rendered":"\n<p>O presidente Jair Bolsonaro avisou h\u00e1 pouco nas redes sociais que revogou o art.18 da MP 927, que permitia a suspens\u00e3o do contrato de trabalho por at\u00e9 4 meses sem sal\u00e1rio. O Artigo 18 previa que, durante o estado de calamidade p\u00fablica, o contrato de trabalho poderia ser suspenso por at\u00e9 quatro meses, para participa\u00e7\u00e3o do empregado em curso de qualifica\u00e7\u00e3o profissional n\u00e3o presencial, oferecido pela empresa ou por outra institui\u00e7\u00e3o. Essa suspens\u00e3o poderia ser acordada individualmente com o empregado e n\u00e3o depende de acordo ou conven\u00e7\u00e3o coletiva.<\/p>\n\n\n\n<p> A MP 927 traz outras medidas trabalhistas para enfrentamento do estado de calamidade p\u00fablica no pa\u00eds e da&nbsp;emerg\u00eancia em sa\u00fade p\u00fablica&nbsp;decorrente da&nbsp;<a href=\"https:\/\/www.emaisgoias.com.br\/tag\/coronavirus\/\">pandemia<\/a>&nbsp;da covid-19<a href=\"http:\/\/www.in.gov.br\/en\/web\/dou\/-\/medida-provisoria-n-927-de-22-de-marco-de-2020-249098775\" target=\"_blank\" rel=\"noreferrer noopener\">. A MP j<\/a>\u00e1 entrou em vigor neste domingo (22) ao ser publicada em&nbsp;edi\u00e7\u00e3o extra do&nbsp;Di\u00e1rio Oficial da Uni\u00e3o, e tem validade de 120 dias&nbsp;para tramita\u00e7\u00e3o no Congresso Nacional. Caso n\u00e3o seja aprovada, perde a validade. <\/p>\n\n\n\n<p> Entre as medidas est\u00e3o o teletrabalho, a antecipa\u00e7\u00e3o de f\u00e9rias, a concess\u00e3o de f\u00e9rias coletivas, o aproveitamento e antecipa\u00e7\u00e3o de feriados, o banco de horas, a suspens\u00e3o de exig\u00eancias administrativas em seguran\u00e7a e sa\u00fade no trabalho, o direcionamento do trabalhador para qualifica\u00e7\u00e3o e o adiamento do recolhimento do Fundo de Garantia do Tempo de Servi\u00e7o (FGTS). <\/p>\n\n\n\n<p><br><br>Fonte: <a href=\"https:\/\/www.emaisgoias.com.br\/presidente-revoga-artigo-que-suspendia-contrato-de-trabalho\/\" target=\"_blank\" rel=\"noreferrer noopener\" aria-label=\"www.emaisgoias.com.br (abre numa nova aba)\">www.emaisgoias.com.br<\/a> <\/p>\n","protected":false},"excerpt":{"rendered":"<p>MP 927 traz outras medidas trabalhistas para enfrentamento do estado de calamidade p\u00fablica no pa\u00eds e da emerg\u00eancia em sa\u00fade p\u00fablica decorrente da pandemia da covid-19<\/p>\n","protected":false},"author":3,"featured_media":2731,"comment_status":"closed","ping_status":"closed","sticky":false,"template":"","format":"standard","meta":[],"categories":[2],"tags":[],"_links":{"self":[{"href":"https:\/\/www.confere.org.br\/wordpress\/wp-json\/wp\/v2\/posts\/2730"}],"collection":[{"href":"https:\/\/www.confere.org.br\/wordpress\/wp-json\/wp\/v2\/posts"}],"about":[{"href":"https:\/\/www.confere.org.br\/wordpress\/wp-json\/wp\/v2\/types\/post"}],"author":[{"embeddable":true,"href":"https:\/\/www.confere.org.br\/wordpress\/wp-json\/wp\/v2\/users\/3"}],"replies":[{"embeddable":true,"href":"https:\/\/www.confere.org.br\/wordpress\/wp-json\/wp\/v2\/comments?post=2730"}],"version-history":[{"count":3,"href":"https:\/\/www.confere.org.br\/wordpress\/wp-json\/wp\/v2\/posts\/2730\/revisions"}],"predecessor-version":[{"id":2734,"href":"https:\/\/www.confere.org.br\/wordpress\/wp-json\/wp\/v2\/posts\/2730\/revisions\/2734"}],"wp:featuredmedia":[{"embeddable":true,"href":"https:\/\/www.confere.org.br\/wordpress\/wp-json\/wp\/v2\/media\/2731"}],"wp:attachment":[{"href":"https:\/\/www.confere.org.br\/wordpress\/wp-json\/wp\/v2\/media?parent=2730"}],"wp:term":[{"taxonomy":"category","embeddable":true,"href":"https:\/\/www.confere.org.br\/wordpress\/wp-json\/wp\/v2\/categories?post=2730"},{"taxonomy":"post_tag","embeddable":true,"href":"https:\/\/www.confere.org.br\/wordpress\/wp-json\/wp\/v2\/tags?post=2730"}],"curies":[{"name":"wp","href":"https:\/\/api.w.org\/{rel}","templated":true}]}}