{"id":2737,"date":"2020-03-23T18:17:30","date_gmt":"2020-03-23T21:17:30","guid":{"rendered":"https:\/\/www.confere.org.br\/wordpress\/?p=2737"},"modified":"2020-03-23T18:18:55","modified_gmt":"2020-03-23T21:18:55","slug":"suspensao-por-inatividade","status":"publish","type":"post","link":"https:\/\/www.confere.org.br\/wordpress\/suspensao-por-inatividade\/","title":{"rendered":"Prazos para suspens\u00e3o do registro por inatividade prorrogados"},"content":{"rendered":"\n<p>O dia 31 de mar\u00e7o, de cada ano, \u00e9 o prazo m\u00e1ximo para requerimento da suspens\u00e3o do registro por inatividade. Por\u00e9m, em fun\u00e7\u00e3o da pandemia declarada em decorr\u00eancia do novo CORONAV\u00cdRUS (COVID-19), pela Organiza\u00e7\u00e3o  Mundial de Sa\u00fade (OMS), o Conselho Federal dos Representantes Comerciais editou a Resolu\u00e7\u00e3o 1.149\/2020, que prorroga tal prazo para o dia 31 de agosto de 2020.<\/p>\n\n\n\n<p>Mais informa\u00e7\u00f5es na <a rel=\"noreferrer noopener\" href=\"https:\/\/www.confere.org.br\/wordpress\/wp-content\/uploads\/2020\/03\/Resolucao-1149-prorrogacao-isencao-multas-juros.pdf\" target=\"_blank\">Resolu\u00e7\u00e3o n\u00ba 1.149\/2020<\/a>, do dia 20 de mar\u00e7o de 2020.<\/p>\n\n\n\n<p>Aproveite essa iniciativa, mantenha seu registro em dia e garanta seus direitos. Enquanto isso, continue seguindo as recomenda\u00e7\u00f5es de evitar aglomera\u00e7\u00f5es\n e lavar sempre as m\u00e3os!<\/p>\n","protected":false},"excerpt":{"rendered":"<p>Mais informa\u00e7\u00f5es na Resolu\u00e7\u00e3o n\u00ba 1.149\/2020, do dia 20 de mar\u00e7o de 2020<\/p>\n","protected":false},"author":3,"featured_media":2736,"comment_status":"closed","ping_status":"closed","sticky":false,"template":"","format":"standard","meta":[],"categories":[34,49],"tags":[],"_links":{"self":[{"href":"https:\/\/www.confere.org.br\/wordpress\/wp-json\/wp\/v2\/posts\/2737"}],"collection":[{"href":"https:\/\/www.confere.org.br\/wordpress\/wp-json\/wp\/v2\/posts"}],"about":[{"href":"https:\/\/www.confere.org.br\/wordpress\/wp-json\/wp\/v2\/types\/post"}],"author":[{"embeddable":true,"href":"https:\/\/www.confere.org.br\/wordpress\/wp-json\/wp\/v2\/users\/3"}],"replies":[{"embeddable":true,"href":"https:\/\/www.confere.org.br\/wordpress\/wp-json\/wp\/v2\/comments?post=2737"}],"version-history":[{"count":2,"href":"https:\/\/www.confere.org.br\/wordpress\/wp-json\/wp\/v2\/posts\/2737\/revisions"}],"predecessor-version":[{"id":2739,"href":"https:\/\/www.confere.org.br\/wordpress\/wp-json\/wp\/v2\/posts\/2737\/revisions\/2739"}],"wp:featuredmedia":[{"embeddable":true,"href":"https:\/\/www.confere.org.br\/wordpress\/wp-json\/wp\/v2\/media\/2736"}],"wp:attachment":[{"href":"https:\/\/www.confere.org.br\/wordpress\/wp-json\/wp\/v2\/media?parent=2737"}],"wp:term":[{"taxonomy":"category","embeddable":true,"href":"https:\/\/www.confere.org.br\/wordpress\/wp-json\/wp\/v2\/categories?post=2737"},{"taxonomy":"post_tag","embeddable":true,"href":"https:\/\/www.confere.org.br\/wordpress\/wp-json\/wp\/v2\/tags?post=2737"}],"curies":[{"name":"wp","href":"https:\/\/api.w.org\/{rel}","templated":true}]}}