{"id":2740,"date":"2020-03-23T18:22:30","date_gmt":"2020-03-23T21:22:30","guid":{"rendered":"https:\/\/www.confere.org.br\/wordpress\/?p=2740"},"modified":"2020-03-23T18:22:31","modified_gmt":"2020-03-23T21:22:31","slug":"prorrogacao-do-vencimento-da-anuidade","status":"publish","type":"post","link":"https:\/\/www.confere.org.br\/wordpress\/prorrogacao-do-vencimento-da-anuidade\/","title":{"rendered":"Prorroga\u00e7\u00e3o do vencimento da anuidade"},"content":{"rendered":"\n<p>O Confere segue tomando medidas de apoio para a manuten\u00e7\u00e3o do registro profissional dos Representantes Comerciais durante a pandemia do Coronav\u00edrus.<\/p>\n\n\n\n<p>\n1.&nbsp;&nbsp;&nbsp;&nbsp;&nbsp;&nbsp;\nQuanto \u00e0 aplica\u00e7\u00e3o da multa pelo registro profissional fora do prazo, n\u00e3o ser\u00e3o considerados para o c\u00e1lculo os duod\u00e9cimos correspondentes ao per\u00edodo de mar\u00e7o a junho.<\/p>\n\n\n\n<p> 2.\u00a0\u00a0\u00a0\u00a0\u00a0\u00a0 Para quem optou por pagar a anuidade em at\u00e9 3 (tr\u00eas) parcelas, sem descontos, vencendo-se a primeira em 30 de abril, a segunda em 31 de agosto e a terceira em 31 de dezembro de cada ano, informamos que o pagamento da 1\u00aa parcela da anuidade que tinha vencimento em 30 de abril de 2020, poder\u00e1 ser efetuado sem a incid\u00eancia de juros e multa, at\u00e9 30 de junho de 2020.<\/p>\n\n\n\n<p>Mais informa\u00e7\u00f5es na <a rel=\"noreferrer noopener\" href=\"https:\/\/www.confere.org.br\/wordpress\/wp-content\/uploads\/2020\/03\/Resolucao-1149-prorrogacao-isencao-multas-juros.pdf\" target=\"_blank\">Resolu\u00e7\u00e3o n\u00ba 1.149\/2020<\/a>, do dia 20 de mar\u00e7o de 2020.<\/p>\n\n\n\n<p>Lembre-se: somente o registro profissional pode garantir seus direitos profissionais!<\/p>\n\n\n\n<p>Enquanto a pandemia n\u00e3o passa, continue em contato com seus clientes e fornecedores pelo telefone e redes sociais!<\/p>\n","protected":false},"excerpt":{"rendered":"<p>Mais informa\u00e7\u00f5es na Resolu\u00e7\u00e3o n\u00ba 1.149\/2020, do dia 20 de mar\u00e7o de 2020.<\/p>\n","protected":false},"author":3,"featured_media":2735,"comment_status":"closed","ping_status":"closed","sticky":false,"template":"","format":"standard","meta":[],"categories":[34,49],"tags":[],"_links":{"self":[{"href":"https:\/\/www.confere.org.br\/wordpress\/wp-json\/wp\/v2\/posts\/2740"}],"collection":[{"href":"https:\/\/www.confere.org.br\/wordpress\/wp-json\/wp\/v2\/posts"}],"about":[{"href":"https:\/\/www.confere.org.br\/wordpress\/wp-json\/wp\/v2\/types\/post"}],"author":[{"embeddable":true,"href":"https:\/\/www.confere.org.br\/wordpress\/wp-json\/wp\/v2\/users\/3"}],"replies":[{"embeddable":true,"href":"https:\/\/www.confere.org.br\/wordpress\/wp-json\/wp\/v2\/comments?post=2740"}],"version-history":[{"count":1,"href":"https:\/\/www.confere.org.br\/wordpress\/wp-json\/wp\/v2\/posts\/2740\/revisions"}],"predecessor-version":[{"id":2741,"href":"https:\/\/www.confere.org.br\/wordpress\/wp-json\/wp\/v2\/posts\/2740\/revisions\/2741"}],"wp:featuredmedia":[{"embeddable":true,"href":"https:\/\/www.confere.org.br\/wordpress\/wp-json\/wp\/v2\/media\/2735"}],"wp:attachment":[{"href":"https:\/\/www.confere.org.br\/wordpress\/wp-json\/wp\/v2\/media?parent=2740"}],"wp:term":[{"taxonomy":"category","embeddable":true,"href":"https:\/\/www.confere.org.br\/wordpress\/wp-json\/wp\/v2\/categories?post=2740"},{"taxonomy":"post_tag","embeddable":true,"href":"https:\/\/www.confere.org.br\/wordpress\/wp-json\/wp\/v2\/tags?post=2740"}],"curies":[{"name":"wp","href":"https:\/\/api.w.org\/{rel}","templated":true}]}}