{"id":2745,"date":"2020-03-25T10:21:49","date_gmt":"2020-03-25T13:21:49","guid":{"rendered":"https:\/\/www.confere.org.br\/wordpress\/?p=2745"},"modified":"2020-03-25T10:23:02","modified_gmt":"2020-03-25T13:23:02","slug":"coronavirus-consumidor-pode-pedir-cancelamento-de-servicos-sem-onus","status":"publish","type":"post","link":"https:\/\/www.confere.org.br\/wordpress\/coronavirus-consumidor-pode-pedir-cancelamento-de-servicos-sem-onus\/","title":{"rendered":"Coronav\u00edrus: Consumidor pode pedir cancelamento de servi\u00e7os sem \u00f4nus"},"content":{"rendered":"\n<p>Segundo o C\u00f3digo de Defesa do Consumidor, \u00e9 permitido ao cliente pedir o cancelamento dos servi\u00e7os sem \u00f4nus em situa\u00e7\u00f5es como a emerg\u00eancia atual que o Brasil enfrenta.<\/p>\n\n\n\n<p>No caso das mensalidades escolares, se o col\u00e9gio n\u00e3o pode prestar o servi\u00e7o educacional temporariamente, ele n\u00e3o poderia cobrar a mensalidade. &#8220;Ao contr\u00e1rio das institui\u00e7\u00f5es que conseguiram rapidamente se adaptar \u00e0s aulas online, algumas n\u00e3o t\u00eam estrutura para aulas remotas. \u00c9 importante avaliar se existe ou n\u00e3o a impossibilidade da presta\u00e7\u00e3o dos servi\u00e7os educacionais&#8221;, disse Biazi. <\/p>\n\n\n\n<p>Al\u00e9m disso, mesmo nas aulas remotas h\u00e1 uma diminui\u00e7\u00e3o do servi\u00e7o oferecido. &#8220;As aulas online conseguem mitigar um pouco, mas a parcela total das atividades n\u00e3o ser\u00e1 prestada, como aulas de laborat\u00f3rio e refei\u00e7\u00f5es&#8221;, afirmou ele.  Quem perdeu parte da renda mensal em raz\u00e3o dos preju\u00edzos econ\u00f4micos pode entrar em contato com a dire\u00e7\u00e3o da escola para pedir o abatimento desses custos.<\/p>\n\n\n\n<p> Se o contrato n\u00e3o puder ser cumprido, o consumidor que n\u00e3o realizar o pagamento n\u00e3o poder\u00e1 ter o nome inclu\u00eddo em cadastro de devedores. <\/p>\n\n\n\n<h4><br>Academias e cursos<\/h4>\n\n\n\n<p>A regra \u00e9 semelhante para academias de gin\u00e1stica. Quem pagou adiantado pode solicitar o reembolso compat\u00edvel ao servi\u00e7o que n\u00e3o chegou a utilizar ou ainda pedir para o contrato ser estendido, quando a situa\u00e7\u00e3o for normalizada. A possibilidade de encerramento de contrato anual sem o pagamento de multas \u00e9 a mesma para cursos de idiomas, dan\u00e7as e pr\u00e9-vestibulares, por exemplo.<\/p>\n\n\n\n<p>Segundo a Funda\u00e7\u00e3o Procon-SP, a solu\u00e7\u00e3o de problemas em contratos dever\u00e1 ser guiada &#8220;pelos princ\u00edpios da boa-f\u00e9, razoabilidade, proporcionalidade e transpar\u00eancia, sendo imprescind\u00edveis equil\u00edbrio e bom senso&#8221;.<\/p>\n\n\n\n<p><br><br>Fonte:  <a href=\"https:\/\/economia.uol.com.br\/noticias\/estadao-conteudo\/2020\/03\/25\/coronavirus-consumidor-pode-pedir-cancelamento-de-servicos-sem-onus.htm\">https:\/\/economia.uol.com.br\/noticias\/estadao-conteudo\/2020\/03\/25\/coronavirus-consumidor-pode-pedir-cancelamento-de-servicos-sem-onus.htm<\/a> <\/p>\n","protected":false},"excerpt":{"rendered":"<p>Diante das restri\u00e7\u00f5es impostas pelo novo coronav\u00edrus com a suspens\u00e3o de aulas e o fechamento tempor\u00e1rio de academias, muitos consumidores se perguntam como fica o pagamento das mensalidades. &#8220;A pandemia atual no mundo dos contratos \u00e9 muito devastadora. Quase todos foram afetados&#8221;, afirmou Jo\u00e3o Pedro Biazi, advogado e mestre em Direito Civil pela USP (Universidade de S\u00e3o Paulo).<\/p>\n","protected":false},"author":3,"featured_media":2746,"comment_status":"closed","ping_status":"closed","sticky":false,"template":"","format":"standard","meta":[],"categories":[2],"tags":[],"_links":{"self":[{"href":"https:\/\/www.confere.org.br\/wordpress\/wp-json\/wp\/v2\/posts\/2745"}],"collection":[{"href":"https:\/\/www.confere.org.br\/wordpress\/wp-json\/wp\/v2\/posts"}],"about":[{"href":"https:\/\/www.confere.org.br\/wordpress\/wp-json\/wp\/v2\/types\/post"}],"author":[{"embeddable":true,"href":"https:\/\/www.confere.org.br\/wordpress\/wp-json\/wp\/v2\/users\/3"}],"replies":[{"embeddable":true,"href":"https:\/\/www.confere.org.br\/wordpress\/wp-json\/wp\/v2\/comments?post=2745"}],"version-history":[{"count":3,"href":"https:\/\/www.confere.org.br\/wordpress\/wp-json\/wp\/v2\/posts\/2745\/revisions"}],"predecessor-version":[{"id":2749,"href":"https:\/\/www.confere.org.br\/wordpress\/wp-json\/wp\/v2\/posts\/2745\/revisions\/2749"}],"wp:featuredmedia":[{"embeddable":true,"href":"https:\/\/www.confere.org.br\/wordpress\/wp-json\/wp\/v2\/media\/2746"}],"wp:attachment":[{"href":"https:\/\/www.confere.org.br\/wordpress\/wp-json\/wp\/v2\/media?parent=2745"}],"wp:term":[{"taxonomy":"category","embeddable":true,"href":"https:\/\/www.confere.org.br\/wordpress\/wp-json\/wp\/v2\/categories?post=2745"},{"taxonomy":"post_tag","embeddable":true,"href":"https:\/\/www.confere.org.br\/wordpress\/wp-json\/wp\/v2\/tags?post=2745"}],"curies":[{"name":"wp","href":"https:\/\/api.w.org\/{rel}","templated":true}]}}