{"id":2754,"date":"2020-03-26T10:45:39","date_gmt":"2020-03-26T13:45:39","guid":{"rendered":"https:\/\/www.confere.org.br\/wordpress\/?p=2754"},"modified":"2020-03-26T10:51:47","modified_gmt":"2020-03-26T13:51:47","slug":"aneel-proibe-por-90-dias-corte-de-energia-de-inadimplentes-fonte-agencia-senado","status":"publish","type":"post","link":"https:\/\/www.confere.org.br\/wordpress\/aneel-proibe-por-90-dias-corte-de-energia-de-inadimplentes-fonte-agencia-senado\/","title":{"rendered":"Aneel pro\u00edbe por 90 dias corte de energia de inadimplentes"},"content":{"rendered":"\n<p>O fornecimento de energia ser\u00e1 garantido a todas as resid\u00eancias e aos servi\u00e7os considerados essenciais por um prazo de 90 dias, podendo ser prorrogado. O senador Roberto Rocha (PSDB-MA) considera a medida importante e defende a isen\u00e7\u00e3o do pagamento para os consumidores mais pobres neste per\u00edodo em que as pessoas n\u00e3o podem trabalhar. Ou\u00e7a a reportagem de Iara Farias Borges, da R\u00e1dio Senado.&nbsp;<\/p>\n\n\n\n<p><\/p>\n\n\n\n<figure class=\"wp-block-audio\"><audio controls src=\"https:\/\/www.confere.org.br\/wordpress\/wp-content\/uploads\/2020\/03\/aneel-proibe-por-90-dias-corte-de-energia-de-inadimplentes.mp3\"><\/audio><\/figure>\n\n\n\n<p><br><br><a href=\"https:\/\/www12.senado.leg.br\/noticias\/audios\/2020\/03\/aneel-proibe-por-90-dias-corte-de-energia-de-inadimplentes?utm_medium=share-button&amp;utm_source=whatsapp\" target=\"_blank\" rel=\"noreferrer noopener\" aria-label=\" (abre numa nova aba)\">Fonte: Ag\u00eancia Senado<\/a><\/p>\n","protected":false},"excerpt":{"rendered":"<p>A Ag\u00eancia Nacional de Energia El\u00e9trica (Aneel) proibiu o corte de energia de quem n\u00e3o conseguir pagar a conta de luz durante o per\u00edodo da pandemia do coronav\u00edrus.<\/p>\n","protected":false},"author":3,"featured_media":2756,"comment_status":"closed","ping_status":"closed","sticky":false,"template":"","format":"standard","meta":[],"categories":[2],"tags":[],"_links":{"self":[{"href":"https:\/\/www.confere.org.br\/wordpress\/wp-json\/wp\/v2\/posts\/2754"}],"collection":[{"href":"https:\/\/www.confere.org.br\/wordpress\/wp-json\/wp\/v2\/posts"}],"about":[{"href":"https:\/\/www.confere.org.br\/wordpress\/wp-json\/wp\/v2\/types\/post"}],"author":[{"embeddable":true,"href":"https:\/\/www.confere.org.br\/wordpress\/wp-json\/wp\/v2\/users\/3"}],"replies":[{"embeddable":true,"href":"https:\/\/www.confere.org.br\/wordpress\/wp-json\/wp\/v2\/comments?post=2754"}],"version-history":[{"count":3,"href":"https:\/\/www.confere.org.br\/wordpress\/wp-json\/wp\/v2\/posts\/2754\/revisions"}],"predecessor-version":[{"id":2760,"href":"https:\/\/www.confere.org.br\/wordpress\/wp-json\/wp\/v2\/posts\/2754\/revisions\/2760"}],"wp:featuredmedia":[{"embeddable":true,"href":"https:\/\/www.confere.org.br\/wordpress\/wp-json\/wp\/v2\/media\/2756"}],"wp:attachment":[{"href":"https:\/\/www.confere.org.br\/wordpress\/wp-json\/wp\/v2\/media?parent=2754"}],"wp:term":[{"taxonomy":"category","embeddable":true,"href":"https:\/\/www.confere.org.br\/wordpress\/wp-json\/wp\/v2\/categories?post=2754"},{"taxonomy":"post_tag","embeddable":true,"href":"https:\/\/www.confere.org.br\/wordpress\/wp-json\/wp\/v2\/tags?post=2754"}],"curies":[{"name":"wp","href":"https:\/\/api.w.org\/{rel}","templated":true}]}}