{"id":2758,"date":"2020-03-26T10:53:58","date_gmt":"2020-03-26T13:53:58","guid":{"rendered":"https:\/\/www.confere.org.br\/wordpress\/?p=2758"},"modified":"2020-03-26T10:53:59","modified_gmt":"2020-03-26T13:53:59","slug":"novo-horario-de-funcionamento-de-postos-de-combustiveis-comeca-hoje","status":"publish","type":"post","link":"https:\/\/www.confere.org.br\/wordpress\/novo-horario-de-funcionamento-de-postos-de-combustiveis-comeca-hoje\/","title":{"rendered":"Novo hor\u00e1rio de funcionamento de postos de combust\u00edveis come\u00e7a hoje"},"content":{"rendered":"\n<p>J\u00e1 est\u00e1 valendo a determina\u00e7\u00e3o da Ag\u00eancia Nacional do Petr\u00f3leo, G\u00e1s Natural e Biocombust\u00edveis (ANP) regulamentando a redu\u00e7\u00e3o no hor\u00e1rio de funcionamento dos postos de combust\u00edveis e os de revendas g\u00e1s liquefeito de petr\u00f3leo (GLP). Os&nbsp; revendedores de combust\u00edveis automotivos em todo o pa\u00eds passam a funcionar, no m\u00ednimo, de segunda-feira a s\u00e1bado, das 7h \u00e0s 19h. At\u00e9 ent\u00e3o, o hor\u00e1rio m\u00ednimo de funcionamento era das 6h \u00e0s 20h. A medida foi&nbsp;<a href=\"http:\/\/www.in.gov.br\/en\/web\/dou\/-\/resolucao-n-812-de-23-de-marco-de-2020-249312776\" target=\"_blank\" rel=\"noreferrer noopener\">publicada ontem (23) no Di\u00e1rio Oficial da Uni\u00e3o (DOU)<\/a>&nbsp;e foi tomada em raz\u00e3o da pandemia do novo coronav\u00edrus (covid-19).<\/p>\n\n\n\n<p>&#8220;As medidas refor\u00e7am o cuidado com a garantia do abastecimento nacional e flexibilizam algumas obriga\u00e7\u00f5es, entre elas o hor\u00e1rio de funcionamento dos postos de combust\u00edveis&#8221;, informou a ag\u00eancia.<\/p>\n\n\n\n<p>A resolu\u00e7\u00e3o determina ainda que os representantes dos operadores de terminais e dutos de petr\u00f3leo, dos transportadores de g\u00e1s natural, distribuidores de GLP, de postos revendedores de combust\u00edveis automotivos dever\u00e3o informar \u00e0 ANP &#8220;quaisquer altera\u00e7\u00f5es nas rotinas operacionais que possam comprometer total ou parcialmente o abastecimento nacional&#8221;.<\/p>\n\n\n\n<p>A ANP disse que aqueles revendedores que quiserem funcionar em hor\u00e1rio inferior ao hor\u00e1rio indicado poder\u00e3o faz\u00ea-lo, desde que tenham feito solicita\u00e7\u00e3o pr\u00e9via e sejam autorizados pela ag\u00eancia reguladora.<\/p>\n\n\n\n<p>Segundo a ag\u00eancia, as medidas buscam reduzir o risco de propaga\u00e7\u00e3o do novo coronav\u00edrus e ir\u00e3o valer enquanto durar a\u00a0<a rel=\"noreferrer noopener\" href=\"https:\/\/agenciabrasil.ebc.com.br\/politica\/noticia\/2020-03\/em-sessao-virtual-inedita-senado-aprova-decreto-de-calamidade-publica\" target=\"_blank\">situa\u00e7\u00e3o de emerg\u00eancia em sa\u00fade de calamidade p\u00fablica<\/a>\u00a0em virtude do v\u00edrus.<\/p>\n\n\n\n<p><br><br><a rel=\"noreferrer noopener\" aria-label=\"Fonte: Ag\u00eancia Brasil (abre numa nova aba)\" href=\"https:\/\/agenciabrasil.ebc.com.br\/geral\/noticia\/2020-03\/novo-horario-de-funcionamento-de-postos-de-combustiveis-comeca-hoje\" target=\"_blank\">Fonte: Ag\u00eancia Brasil<\/a><\/p>\n","protected":false},"excerpt":{"rendered":"<p>Medida vigora enquanto durar estado de calamidade p\u00fablica<\/p>\n","protected":false},"author":3,"featured_media":2761,"comment_status":"closed","ping_status":"closed","sticky":false,"template":"","format":"standard","meta":[],"categories":[2],"tags":[],"_links":{"self":[{"href":"https:\/\/www.confere.org.br\/wordpress\/wp-json\/wp\/v2\/posts\/2758"}],"collection":[{"href":"https:\/\/www.confere.org.br\/wordpress\/wp-json\/wp\/v2\/posts"}],"about":[{"href":"https:\/\/www.confere.org.br\/wordpress\/wp-json\/wp\/v2\/types\/post"}],"author":[{"embeddable":true,"href":"https:\/\/www.confere.org.br\/wordpress\/wp-json\/wp\/v2\/users\/3"}],"replies":[{"embeddable":true,"href":"https:\/\/www.confere.org.br\/wordpress\/wp-json\/wp\/v2\/comments?post=2758"}],"version-history":[{"count":1,"href":"https:\/\/www.confere.org.br\/wordpress\/wp-json\/wp\/v2\/posts\/2758\/revisions"}],"predecessor-version":[{"id":2762,"href":"https:\/\/www.confere.org.br\/wordpress\/wp-json\/wp\/v2\/posts\/2758\/revisions\/2762"}],"wp:featuredmedia":[{"embeddable":true,"href":"https:\/\/www.confere.org.br\/wordpress\/wp-json\/wp\/v2\/media\/2761"}],"wp:attachment":[{"href":"https:\/\/www.confere.org.br\/wordpress\/wp-json\/wp\/v2\/media?parent=2758"}],"wp:term":[{"taxonomy":"category","embeddable":true,"href":"https:\/\/www.confere.org.br\/wordpress\/wp-json\/wp\/v2\/categories?post=2758"},{"taxonomy":"post_tag","embeddable":true,"href":"https:\/\/www.confere.org.br\/wordpress\/wp-json\/wp\/v2\/tags?post=2758"}],"curies":[{"name":"wp","href":"https:\/\/api.w.org\/{rel}","templated":true}]}}