{"id":2773,"date":"2020-03-27T13:28:02","date_gmt":"2020-03-27T16:28:02","guid":{"rendered":"https:\/\/www.confere.org.br\/wordpress\/?p=2773"},"modified":"2020-03-27T13:28:03","modified_gmt":"2020-03-27T16:28:03","slug":"governo-anuncia-r-40-bi-para-financiar-salario-do-trabalhador-de-pequenas-e-medias-empresas","status":"publish","type":"post","link":"https:\/\/www.confere.org.br\/wordpress\/governo-anuncia-r-40-bi-para-financiar-salario-do-trabalhador-de-pequenas-e-medias-empresas\/","title":{"rendered":"Governo anuncia R$ 40 bi para financiar sal\u00e1rio do trabalhador de pequenas e m\u00e9dias empresas"},"content":{"rendered":"\n<p>O presidente do\u00a0<strong>Banco Central<\/strong>, Roberto Campos Neto, anunciou nesta sexta-feira a cria\u00e7\u00e3o de uma<strong>\u00a0linha de cr\u00e9dito emergencial\u00a0<\/strong>para pequenas e m\u00e9dias empresas quitarem suas folhas de pagamento durante dois meses. O dinheiro ser\u00e1 emprestado pelos bancos, mas o financiamento foi articulado pelo governo federal. <\/p>\n\n\n\n<p>O an\u00fancio foi feito com a presen\u00e7a do presidente\u00a0<strong>Jair Bolsonaro<\/strong>, no Pal\u00e1cio do Planalto. A medida ser\u00e1 v\u00e1lida para empresas com faturamento anual entre R$ 360 mil e R$ 10 milh\u00f5es. <\/p>\n\n\n\n<p>No total, a linha de cr\u00e9dito ser\u00e1 de R$ 40 bilh\u00f5es, durante dois meses. Desse total, 85% (ou R$ 34 bilh\u00f5es) ser\u00e1 subsidiada pelo Tesouro Nacional. O subs\u00eddio era uma demanda dos bancos privados para criarem essa linha de cr\u00e9dito. <\/p>\n\n\n\n<p>As institui\u00e7\u00f5es financeiras argumentam que n\u00e3o podiam emprestar porque as empresas n\u00e3o tinham garantias para o cr\u00e9dito. Por isso, pediram ajuda ao governo.<\/p>\n\n\n\n<p>A taxa de juros ser\u00e1 de 3,75% ao ano. Haver\u00e1 uma car\u00eancia de seis meses e o prazo de pagamento ser\u00e1 de 36 meses.<\/p>\n\n\n\n<p>Durante os dois meses de financiamento da folha, a empresa n\u00e3o poder\u00e1 demitir. Isso estar\u00e1 no contrato de financiamento. Segundo ele, a estrutura do empr\u00e9stimo desestimular\u00e1 demiss\u00f5es nesse per\u00edodo. Isso porque uma demiss\u00e3o custa cerca de tr\u00eas meses de sal\u00e1rio, prazo maior que os dois mesesde financiamento.<\/p>\n\n\n\n<p>\u2014 O dinheiro vai direto para as folhas de pagamento, ent\u00e3o a empresa fecha o contrato com o banco, mas o dinheiro vai cair direto no CPF do funcion\u00e1rio. A empresa fica s\u00f3 com a d\u00edvida \u2014 disse Campos Neto.<\/p>\n\n\n\n<p>De acordo com Campos Neto, o dinheiro vai financiar, no m\u00e1ximo, dois sal\u00e1rios m\u00ednimos (R$ 2.090) por trabalhador.<\/p>\n\n\n\n<p>Isso significa que quem ganha de at\u00e9 dois sal\u00e1rios m\u00ednimos continuar\u00e1 a ter o mesmo rendimento. Entretanto, para os funcion\u00e1rios que recebem cima desse valor, o financiamento ficar\u00e1 limitado a R$ 2.090.<\/p>\n\n\n\n<p>A opera\u00e7\u00e3o ser\u00e1 feita pelo BNDES, mas o dinheiro ser\u00e1 emprestado pelos bancos tradicionais.<\/p>\n\n\n\n<p>\u2014 Essa opera\u00e7\u00e3o conta com quatro participantes. O Tesouro, o BNDES, os bancos privados e o BC. O Tesouro aplica o subs\u00eddio e fica com as perdas e ganhos da opera\u00e7\u00e3o. O BNDES opera os recursos do Tesouro, que vai passar para os bancos privados. Os bancos privados v\u00e3o colocar 15% do seu bolso. Quem opera \u00e9 o banco privado \u2014 disse o presidente do BNDES, Gustavo Montezano.<\/p>\n\n\n\n<p>O governo n\u00e3o informou quando a linha de financiamento ser\u00e1 aberta e nem deu detalhes sobre a forma acessar o cr\u00e9dito.<\/p>\n\n\n\n<p>A&nbsp; previs\u00e3o do governo \u00e9 beneficar 1,4 milh\u00e3o de pequenas e m\u00e9dias empresas do pa\u00eds, num total de 12,2 milh\u00f5es de trabalhadores.<\/p>\n\n\n\n<p>Al\u00e9m disso, o Campos Neto anunciou que o governo vai encaminhar ao Congresso uma Proposta de Emenda Constitucional (PEC) para permitir ao Banco Central emprestar direto \u00e0s empresas, nos moldes do que o Federal Reserve (FED, BC americano) anunciou h\u00e1 alguns dias.<\/p>\n\n\n\n<p>Ele afirmou que a inten\u00e7\u00e3o \u00e9 o BC emprestar diretamente \u00e0s empresas em momento de crise, j\u00e1 que a autoridade monet\u00e1ria tem um balan\u00e7o de cerca de R$ 1,5 trilh\u00e3o.<\/p>\n\n\n\n<p>\u2014 \u00c9 uma medida que \u00e9 tomada em v\u00e1rios pa\u00edses \u2014 ressaltou.<\/p>\n\n\n\n<p>V\u00e1rios pequenos empres\u00e1rios t\u00eam relatado dificuldade de obter empr\u00e9stimos junto a bancos nos \u00faltimos dias, mesmo ap\u00f3s o BC ter liberado recursos de compuls\u00f3rios, que s\u00e3o dep\u00f3sitos que as institui\u00e7\u00f5es financeiras s\u00e3o obrigadas a manter junto \u00e0 autoridade monet\u00e1ria.<\/p>\n\n\n\n<p><strong>&#8216;Coronavoucher&#8217; de R$ 600:<\/strong>&nbsp;&nbsp;<a href=\"https:\/\/oglobo.globo.com\/economia\/camara-aprova-coronavoucher-de-600-para-informais-veja-quem-pode-receber-24332704\">Veja quem pode receber<\/a><\/p>\n\n\n\n<p>Mesmo com mais recursos em caixa, os bancos n\u00e3o estavam liberando novas linhas de cr\u00e9dito para as empresas. Economistas vinham defendendo, nos \u00faltimos dias, que o governo atuasse diretamente no socorro \u00e0s empresas. Em entrevista ao GLOBO, o ex-presidente do Banco Central, Arminio Fraga, argumentou que&nbsp;<a href=\"https:\/\/oglobo.globo.com\/economia\/arminio-fraga-se-nao-houver-isolamento-economia-pode-sofrer-segundo-baque-24331866\" target=\"_blank\" rel=\"noreferrer noopener\">sem um empr\u00e9stimo direto do Tesouro, o dinheiro n\u00e3o chegaria \u00e0s empresas<\/a>.<\/p>\n\n\n\n<p>Em outra frente, o presidente da Caixa Econ\u00f4mica Federal, Pedro Guimar\u00e3es, anunciou que\u00a0<a href=\"https:\/\/oglobo.globo.com\/sociedade\/coronavirus-servico\/caixa-ampliara-para-90-dias-suspensao-de-pagamento-de-dividas-juro-do-cheque-especial-deve-baixar-24327227\">medidas adotadas pelo banco<\/a>, como suspens\u00e3o de cobran\u00e7a de parcelas de cr\u00e9dito imobili\u00e1rio, poder\u00e3o ser postergadas.<\/p>\n\n\n\n<p>Veja, abaixo, alguns detalhes das medidas anunciadas:<\/p>\n\n\n\n<ul><li><strong>Faturamento:<\/strong>&nbsp;o financiamento estar\u00e1 dispon\u00edvel para empresas com faturamento de R$ 360 mil e R$ 10 milh\u00f5es por ano<\/li><li><strong>Trabalhadores<\/strong>: o dinheiro ser\u00e1 exclusivo para a folha de pagamentos e ser\u00e1 depositado pelo CPF do funcion\u00e1rio<\/li><li><strong>Demiss\u00f5es<\/strong>: as empresas que contratarem essa linha de cr\u00e9dito n\u00e3o poder\u00e3o demitir pelo prazo de dois meses<\/li><li><strong>Prazos<\/strong>: as empresas ter\u00e3o 36 meses de car\u00eancia e 36 meses para pagar o empr\u00e9stimo<\/li><li><strong>Juros<\/strong>: os juros ser\u00e3o de 3,75% ao ano<\/li><\/ul>\n\n\n\n<p><br><br><a rel=\"noreferrer noopener\" aria-label=\"Fonte: O Globo (abre numa nova aba)\" href=\"https:\/\/oglobo.globo.com\/economia\/governo-financiara-salario-de-funcionario-de-pequenas-medias-empresas-com-40-bi-em-credito-24333027\" target=\"_blank\">Fonte: O Globo<\/a><\/p>\n","protected":false},"excerpt":{"rendered":"<p>Quem receber o empr\u00e9stimo n\u00e3o poder\u00e1 demitir por dois meses. Dinheiro ser\u00e1 depositado diretamente na conta do trabalhador<\/p>\n","protected":false},"author":3,"featured_media":2774,"comment_status":"closed","ping_status":"closed","sticky":false,"template":"","format":"standard","meta":[],"categories":[2],"tags":[],"_links":{"self":[{"href":"https:\/\/www.confere.org.br\/wordpress\/wp-json\/wp\/v2\/posts\/2773"}],"collection":[{"href":"https:\/\/www.confere.org.br\/wordpress\/wp-json\/wp\/v2\/posts"}],"about":[{"href":"https:\/\/www.confere.org.br\/wordpress\/wp-json\/wp\/v2\/types\/post"}],"author":[{"embeddable":true,"href":"https:\/\/www.confere.org.br\/wordpress\/wp-json\/wp\/v2\/users\/3"}],"replies":[{"embeddable":true,"href":"https:\/\/www.confere.org.br\/wordpress\/wp-json\/wp\/v2\/comments?post=2773"}],"version-history":[{"count":1,"href":"https:\/\/www.confere.org.br\/wordpress\/wp-json\/wp\/v2\/posts\/2773\/revisions"}],"predecessor-version":[{"id":2775,"href":"https:\/\/www.confere.org.br\/wordpress\/wp-json\/wp\/v2\/posts\/2773\/revisions\/2775"}],"wp:featuredmedia":[{"embeddable":true,"href":"https:\/\/www.confere.org.br\/wordpress\/wp-json\/wp\/v2\/media\/2774"}],"wp:attachment":[{"href":"https:\/\/www.confere.org.br\/wordpress\/wp-json\/wp\/v2\/media?parent=2773"}],"wp:term":[{"taxonomy":"category","embeddable":true,"href":"https:\/\/www.confere.org.br\/wordpress\/wp-json\/wp\/v2\/categories?post=2773"},{"taxonomy":"post_tag","embeddable":true,"href":"https:\/\/www.confere.org.br\/wordpress\/wp-json\/wp\/v2\/tags?post=2773"}],"curies":[{"name":"wp","href":"https:\/\/api.w.org\/{rel}","templated":true}]}}