{"id":2783,"date":"2020-03-30T11:07:43","date_gmt":"2020-03-30T14:07:43","guid":{"rendered":"https:\/\/www.confere.org.br\/wordpress\/?p=2783"},"modified":"2020-03-30T11:10:00","modified_gmt":"2020-03-30T14:10:00","slug":"coronavirus-mensagem-do-presidente-do-confere-aos-representantes-comerciais","status":"publish","type":"post","link":"https:\/\/www.confere.org.br\/wordpress\/coronavirus-mensagem-do-presidente-do-confere-aos-representantes-comerciais\/","title":{"rendered":"Coronav\u00edrus: Mensagem do presidente do Confere aos representantes comerciais"},"content":{"rendered":"\n<p>No v\u00eddeo, o diretor-presidente do Confere, Manoel Affonso Mendes, explica que o Sistema Confere\/Cores est\u00e1 fazendo o poss\u00edvel para defender um ambiente favor\u00e1vel \u00e0 Representa\u00e7\u00e3o Comercial e, tamb\u00e9m, est\u00e1 estudando solu\u00e7\u00f5es vi\u00e1veis que possam ser pleiteadas junto aos governos municipais, estaduais e federal, para amenizar o impacto econ\u00f4mico causado pela crise do coronav\u00edrus. <br><\/p>\n\n\n\n<p>Assista o v\u00eddeo abaixo:<br> <a href=\"https:\/\/www.youtube.com\/watch?v=I4UiuSJtrpY&amp;t=2s\">https:\/\/www.youtube.com\/watch?v=I4UiuSJtrpY&amp;t=2s<\/a> <\/p>\n","protected":false},"excerpt":{"rendered":"<p>Assista o v\u00eddeo <\/p>\n","protected":false},"author":3,"featured_media":2784,"comment_status":"closed","ping_status":"closed","sticky":false,"template":"","format":"standard","meta":[],"categories":[34,49],"tags":[],"_links":{"self":[{"href":"https:\/\/www.confere.org.br\/wordpress\/wp-json\/wp\/v2\/posts\/2783"}],"collection":[{"href":"https:\/\/www.confere.org.br\/wordpress\/wp-json\/wp\/v2\/posts"}],"about":[{"href":"https:\/\/www.confere.org.br\/wordpress\/wp-json\/wp\/v2\/types\/post"}],"author":[{"embeddable":true,"href":"https:\/\/www.confere.org.br\/wordpress\/wp-json\/wp\/v2\/users\/3"}],"replies":[{"embeddable":true,"href":"https:\/\/www.confere.org.br\/wordpress\/wp-json\/wp\/v2\/comments?post=2783"}],"version-history":[{"count":3,"href":"https:\/\/www.confere.org.br\/wordpress\/wp-json\/wp\/v2\/posts\/2783\/revisions"}],"predecessor-version":[{"id":2787,"href":"https:\/\/www.confere.org.br\/wordpress\/wp-json\/wp\/v2\/posts\/2783\/revisions\/2787"}],"wp:featuredmedia":[{"embeddable":true,"href":"https:\/\/www.confere.org.br\/wordpress\/wp-json\/wp\/v2\/media\/2784"}],"wp:attachment":[{"href":"https:\/\/www.confere.org.br\/wordpress\/wp-json\/wp\/v2\/media?parent=2783"}],"wp:term":[{"taxonomy":"category","embeddable":true,"href":"https:\/\/www.confere.org.br\/wordpress\/wp-json\/wp\/v2\/categories?post=2783"},{"taxonomy":"post_tag","embeddable":true,"href":"https:\/\/www.confere.org.br\/wordpress\/wp-json\/wp\/v2\/tags?post=2783"}],"curies":[{"name":"wp","href":"https:\/\/api.w.org\/{rel}","templated":true}]}}