{"id":2794,"date":"2020-03-30T11:57:58","date_gmt":"2020-03-30T14:57:58","guid":{"rendered":"https:\/\/www.confere.org.br\/wordpress\/?p=2794"},"modified":"2020-03-30T11:57:58","modified_gmt":"2020-03-30T14:57:58","slug":"bndes-credito-pequenas-empresas","status":"publish","type":"post","link":"https:\/\/www.confere.org.br\/wordpress\/bndes-credito-pequenas-empresas\/","title":{"rendered":"BNDES &#8211; Cr\u00e9dito Pequenas Empresas"},"content":{"rendered":"\n<p><strong>Medida emergencial para reduzir&nbsp;impactos do coronav\u00edrus:<\/strong><br><br>Como iniciativa de apoio ao enfrentamento dos efeitos econ\u00f4micos da pandemia do coronav\u00edrus, o BNDES expandiu a oferta de capital de giro desta linha de cr\u00e9dito para neg\u00f3cios com faturamento anual de at\u00e9 R$ 300 milh\u00f5es at\u00e9 30.09.2020, com limite de financiamento de at\u00e9 R$ 70 milh\u00f5es por ano.&nbsp;<br><br>Nosso objetivo \u00e9 oferecer cr\u00e9dito r\u00e1pido e flex\u00edvel para empresas de todos os portes, amortecendo os impactos financeiros da pandemia sobre os empreendedores e contribuindo para a manuten\u00e7\u00e3o de empregos no Brasil. Pelo menos R$ 5 bilh\u00f5es estar\u00e3o dispon\u00edveis para apoio \u00e0s MPMEs.<\/p>\n\n\n\n<p>Para solicitar seu financiamento, voc\u00ea deve procurar um agente financeiro credenciado do BNDES, que pode ser um banco ou uma ag\u00eancia\u00a0de fomento.\u00a0Confira a\u00a0<a href=\"https:\/\/www.bndes.gov.br\/wps\/portal\/site\/home\/financiamento\/produto\/bndes-credito-pequenas-empresas\/!ut\/p\/z1\/tVRRd5owFP4tffAxJhBA2BuzVmZxnafrVF56QgyQTRIMUdf--gXcTs_RKtvpyktILve7383l-2ACFzARZMdzorkUZG32y8R7HMzGwyh0rHgcWzaaPfhfZvd-hO-GDvwGE5hQoStdwGUqVqx-5KLWXG9pi9BDhSxZD2VcEEE5KZnQsu6hNRcFqUGlZK5Iad6yrVg1gRYDUMVWXEtQsc2WCRNmZaVYTeqmXEX5yhTzKLWI54Ns4KfACRgFQZpiYAcecgNCqIUpnB_xv4k8NLOi66_X7o09nHkwudzeIR-deUJ0lH8CP--6v-Qy_Lzpt4NB-0Ec3I4i5w7Fd5_wCIXRMHad0a01DjBcGg6D8yQHcL7jbA8fhFSlGfn9yxWzzA0sn9gAO8gHDqIZ8B3HBjaz3AHFnkuCDEaoo4LnvbFCBzx-V_gpel94-43wk65f0EjYVtPhNDewRBeAi0zCRWn0tWp1xVTOGmVyozoptCJmUbJxAbWtm2z-fbNJQqNyE2U_NVxckPkf2FOkl1hXSdNRvpbpwX1CkWLfUFcsY4qp_laZ40Lrqv7QQz203-_7LZ1-Lnf9VJmTypSqpNINqZprdqD2GlYha9PNMcTJwI40654f2F9Z0qTLc14fWJcv_uOg_psfV2Xp4yfOwY9sOsLOcrJ7_vgZ_F6S9Ak_x2ze7s0aXl39AppX3RE!\/dz\/d5\/L2dBISEvZ0FBIS9nQSEh\/?1dmy&amp;urile=wcm%3apath%3a%2Fbndes_institucional%2Fhome%2Finstituicoes-financeiras-credenciadas%2Frede-credenciada-brasil\">lista completa dos agentes financeiros credenciados<\/a>.<\/p>\n\n\n\n<p><br><br><a href=\"https:\/\/www.bndes.gov.br\/wps\/portal\/site\/home\/financiamento\/produto\/bndes-credito-pequenas-empresas\/!ut\/p\/z1\/tVRRd5owFP4tffAxJhBA2BuzVmZxnafrVF56QgyQTRIMUdf--gXcTs_RKtvpyktILve7383l-2ACFzARZMdzorkUZG32y8R7HMzGwyh0rHgcWzaaPfhfZvd-hO-GDvwGE5hQoStdwGUqVqx-5KLWXG9pi9BDhSxZD2VcEEE5KZnQsu6hNRcFqUGlZK5Iad6yrVg1gRYDUMVWXEtQsc2WCRNmZaVYTeqmXEX5yhTzKLWI54Ns4KfACRgFQZpiYAcecgNCqIUpnB_xv4k8NLOi66_X7o09nHkwudzeIR-deUJ0lH8CP--6v-Qy_Lzpt4NB-0Ec3I4i5w7Fd5_wCIXRMHad0a01DjBcGg6D8yQHcL7jbA8fhFSlGfn9yxWzzA0sn9gAO8gHDqIZ8B3HBjaz3AHFnkuCDEaoo4LnvbFCBzx-V_gpel94-43wk65f0EjYVtPhNDewRBeAi0zCRWn0tWp1xVTOGmVyozoptCJmUbJxAbWtm2z-fbNJQqNyE2U_NVxckPkf2FOkl1hXSdNRvpbpwX1CkWLfUFcsY4qp_laZ40Lrqv7QQz203-_7LZ1-Lnf9VJmTypSqpNINqZprdqD2GlYha9PNMcTJwI40654f2F9Z0qTLc14fWJcv_uOg_psfV2Xp4yfOwY9sOsLOcrJ7_vgZ_F6S9Ak_x2ze7s0aXl39AppX3RE!\/dz\/d5\/L2dBISEvZ0FBIS9nQSEh\/\" target=\"_blank\" rel=\"noreferrer noopener\" aria-label=\"Fonte: www.bndes.gov.br (abre numa nova aba)\">Fonte: www.bndes.gov.br<\/a><\/p>\n","protected":false},"excerpt":{"rendered":"<p>Empr\u00e9stimo para micro, pequenas e m\u00e9dias empresas e para empres\u00e1rios individuais<\/p>\n","protected":false},"author":3,"featured_media":2795,"comment_status":"closed","ping_status":"closed","sticky":false,"template":"","format":"standard","meta":[],"categories":[2],"tags":[],"_links":{"self":[{"href":"https:\/\/www.confere.org.br\/wordpress\/wp-json\/wp\/v2\/posts\/2794"}],"collection":[{"href":"https:\/\/www.confere.org.br\/wordpress\/wp-json\/wp\/v2\/posts"}],"about":[{"href":"https:\/\/www.confere.org.br\/wordpress\/wp-json\/wp\/v2\/types\/post"}],"author":[{"embeddable":true,"href":"https:\/\/www.confere.org.br\/wordpress\/wp-json\/wp\/v2\/users\/3"}],"replies":[{"embeddable":true,"href":"https:\/\/www.confere.org.br\/wordpress\/wp-json\/wp\/v2\/comments?post=2794"}],"version-history":[{"count":1,"href":"https:\/\/www.confere.org.br\/wordpress\/wp-json\/wp\/v2\/posts\/2794\/revisions"}],"predecessor-version":[{"id":2796,"href":"https:\/\/www.confere.org.br\/wordpress\/wp-json\/wp\/v2\/posts\/2794\/revisions\/2796"}],"wp:featuredmedia":[{"embeddable":true,"href":"https:\/\/www.confere.org.br\/wordpress\/wp-json\/wp\/v2\/media\/2795"}],"wp:attachment":[{"href":"https:\/\/www.confere.org.br\/wordpress\/wp-json\/wp\/v2\/media?parent=2794"}],"wp:term":[{"taxonomy":"category","embeddable":true,"href":"https:\/\/www.confere.org.br\/wordpress\/wp-json\/wp\/v2\/categories?post=2794"},{"taxonomy":"post_tag","embeddable":true,"href":"https:\/\/www.confere.org.br\/wordpress\/wp-json\/wp\/v2\/tags?post=2794"}],"curies":[{"name":"wp","href":"https:\/\/api.w.org\/{rel}","templated":true}]}}