{"id":2797,"date":"2020-03-31T10:36:19","date_gmt":"2020-03-31T13:36:19","guid":{"rendered":"https:\/\/www.confere.org.br\/wordpress\/?p=2797"},"modified":"2020-03-31T10:36:19","modified_gmt":"2020-03-31T13:36:19","slug":"coronavirus-governo-vai-liberar-seguro-desemprego-a-trabalhadores-formais","status":"publish","type":"post","link":"https:\/\/www.confere.org.br\/wordpress\/coronavirus-governo-vai-liberar-seguro-desemprego-a-trabalhadores-formais\/","title":{"rendered":"Coronav\u00edrus: governo vai liberar seguro-desemprego a trabalhadores formais"},"content":{"rendered":"\n<p>A equipe econ\u00f4mica j\u00e1 acertou que trabalhadores dom\u00e9sticos formalizados ter\u00e3o acesso ao seguro-desemprego se tiverem contrato suspenso ou redu\u00e7\u00e3o de jornada e sal\u00e1rios. Em outra frente, o governo calcula que pode liberar cerca de R$ 1 mil por conta na nova rodada de saques do FGTS.<\/p>\n\n\n\n<p>Segundo apurou o Estad\u00e3o\/Broadcast, a inclus\u00e3o dos dom\u00e9sticos na medida de prote\u00e7\u00e3o aos trabalhadores formais foi um pedido do ministro da Economia, Paulo Guedes, que tem dito que &#8220;ningu\u00e9m ser\u00e1 deixado para tr\u00e1s&#8221;. Quem for diarista poder\u00e1 pleitear o aux\u00edlio emergencial a trabalhadores informais, caso preencha todos os requisitos. <\/p>\n\n\n\n<p>Como antecipou a reportagem, os empregadores poder\u00e3o suspender o contrato por at\u00e9 dois meses, ou reduzir jornada e sal\u00e1rio em 25%, 50% e 70% por at\u00e9 tr\u00eas meses.<\/p>\n\n\n\n<p> No caso da suspens\u00e3o, o governo pagar\u00e1 a parcela integral do seguro-desemprego, que vai de R$ 1.045 a R$ 1.813,03. J\u00e1 na redu\u00e7\u00e3o de jornada, o governo aplica o mesmo porcentual da redu\u00e7\u00e3o sobre o seguro, enquanto a empresa arca com o restante do sal\u00e1rio. A ideia \u00e9 que, na soma das duas partes, nenhum trabalhador receba menos que o sal\u00e1rio m\u00ednimo. <\/p>\n\n\n\n<p>O governo prev\u00ea destinar R$ 51,2 bilh\u00f5es ao pagamento de seguro-desemprego, integral ou parcial, a trabalhadores que forem afetados pela crise provocada pela pandemia. Esse \u00e9 o impacto bruto da medida. A inten\u00e7\u00e3o dos t\u00e9cnicos \u00e9 que a concess\u00e3o do seguro-desemprego seja autom\u00e1tica:  assim que o empregador lan\u00e7ar a informa\u00e7\u00e3o da suspens\u00e3o do contrato ou da redu\u00e7\u00e3o da jornada, o pagamento seria concedido.<\/p>\n\n\n\n<h4><br>FGTS <\/h4>\n\n\n\n<p>A nova libera\u00e7\u00e3o do FGTS para os trabalhadores deve ficar em torno de R$ 1 mil por conta, segundo duas fontes do governo informaram ao Estad\u00e3o\/Broadcast. O valor representa o limite poss\u00edvel de ser liberado nas contas sem comprometer a sustentabilidade do FGTS. O martelo ainda ser\u00e1 batido nos pr\u00f3ximos dias. <\/p>\n\n\n\n<p>A estimativa \u00e9 de que cerca de 60 milh\u00f5es de contas ser\u00e3o beneficiadas pela medida. Contas com saldo de at\u00e9 R$ 1 mil poder\u00e3o resgatar o saldo integral. <\/p>\n\n\n\n<p>O governo estima uma inje\u00e7\u00e3o de aproximadamente R$ 34 bilh\u00f5es com a nova rodada de saques. Desse valor, R$ 20 bilh\u00f5es vir\u00e3o da transfer\u00eancia de recursos que hoje est\u00e3o parados no Fundo PIS\/Pasep.  Outros R$ 14 bilh\u00f5es j\u00e1 haviam sido disponibilizados por meio do &#8220;saque imediato&#8221; aprovado no ano passado, mas ainda n\u00e3o foram resgatados. Com o fim do prazo de resgate nesta ter\u00e7a-feira, 31, o dinheiro servir\u00e1 para dar lastro \u00e0s novas libera\u00e7\u00f5es.<\/p>\n\n\n\n<p>O governo tamb\u00e9m quer baratear o cr\u00e9dito neste momento de crise e estuda zerar, de forma tempor\u00e1ria, o adicional de 0,38% do IOF cobrado nos empr\u00e9stimos para fam\u00edlias e empresas.<\/p>\n\n\n\n<p><br><br><a href=\"https:\/\/economia.uol.com.br\/noticias\/estadao-conteudo\/2020\/03\/31\/domesticos-formais-poderao-receber-seguro-desemprego.htm\" target=\"_blank\" rel=\"noreferrer noopener\" aria-label=\"Fonte: www.uol.com.br (abre numa nova aba)\">Fonte: www.uol.com.br<\/a><\/p>\n","protected":false},"excerpt":{"rendered":"<p>Ap\u00f3s a aprova\u00e7\u00e3o de um aux\u00edlio emergencial para os trabalhadores informais, o governo tenta agora centrar seus esfor\u00e7os na aprova\u00e7\u00e3o de medidas para auxiliar empregados com carteira assinada durante a crise do novo coronav\u00edrus. <\/p>\n","protected":false},"author":3,"featured_media":2798,"comment_status":"closed","ping_status":"closed","sticky":false,"template":"","format":"standard","meta":[],"categories":[2],"tags":[],"_links":{"self":[{"href":"https:\/\/www.confere.org.br\/wordpress\/wp-json\/wp\/v2\/posts\/2797"}],"collection":[{"href":"https:\/\/www.confere.org.br\/wordpress\/wp-json\/wp\/v2\/posts"}],"about":[{"href":"https:\/\/www.confere.org.br\/wordpress\/wp-json\/wp\/v2\/types\/post"}],"author":[{"embeddable":true,"href":"https:\/\/www.confere.org.br\/wordpress\/wp-json\/wp\/v2\/users\/3"}],"replies":[{"embeddable":true,"href":"https:\/\/www.confere.org.br\/wordpress\/wp-json\/wp\/v2\/comments?post=2797"}],"version-history":[{"count":1,"href":"https:\/\/www.confere.org.br\/wordpress\/wp-json\/wp\/v2\/posts\/2797\/revisions"}],"predecessor-version":[{"id":2799,"href":"https:\/\/www.confere.org.br\/wordpress\/wp-json\/wp\/v2\/posts\/2797\/revisions\/2799"}],"wp:featuredmedia":[{"embeddable":true,"href":"https:\/\/www.confere.org.br\/wordpress\/wp-json\/wp\/v2\/media\/2798"}],"wp:attachment":[{"href":"https:\/\/www.confere.org.br\/wordpress\/wp-json\/wp\/v2\/media?parent=2797"}],"wp:term":[{"taxonomy":"category","embeddable":true,"href":"https:\/\/www.confere.org.br\/wordpress\/wp-json\/wp\/v2\/categories?post=2797"},{"taxonomy":"post_tag","embeddable":true,"href":"https:\/\/www.confere.org.br\/wordpress\/wp-json\/wp\/v2\/tags?post=2797"}],"curies":[{"name":"wp","href":"https:\/\/api.w.org\/{rel}","templated":true}]}}