{"id":2807,"date":"2020-04-02T10:33:24","date_gmt":"2020-04-02T13:33:24","guid":{"rendered":"https:\/\/www.confere.org.br\/wordpress\/?p=2807"},"modified":"2020-04-02T10:33:25","modified_gmt":"2020-04-02T13:33:25","slug":"coronavirus-faz-receita-adiar-para-30-de-junho-prazo-de-entrega-da-declaracao-do-imposto-de-renda","status":"publish","type":"post","link":"https:\/\/www.confere.org.br\/wordpress\/coronavirus-faz-receita-adiar-para-30-de-junho-prazo-de-entrega-da-declaracao-do-imposto-de-renda\/","title":{"rendered":"Coronav\u00edrus faz Receita adiar para 30 de junho prazo de entrega da declara\u00e7\u00e3o do Imposto de Renda"},"content":{"rendered":"\n<p>O secret\u00e1rio da&nbsp;<a href=\"https:\/\/g1.globo.com\/tudo-sobre\/receita-federal\/\">Receita Federal<\/a>, Jos\u00e9 Tostes Neto, anunciou nesta quarta-feira (1\u00ba) a prorroga\u00e7\u00e3o do prazo de entrega da declara\u00e7\u00e3o de&nbsp;<a href=\"https:\/\/g1.globo.com\/economia\/imposto-de-renda\/2020\/\">Imposto de Renda da Pessoa F\u00edsica<\/a>&nbsp;(IRPF) por 60 dias.<\/p>\n\n\n\n<p>Com isso, o prazo para a entrega da declara\u00e7\u00e3o de 2020&nbsp;<strong>passa de 30 de abril para 30 de junho<\/strong>.<\/p>\n\n\n\n<p>&#8220;Esse prazo&nbsp;<a href=\"https:\/\/g1.globo.com\/economia\/imposto-de-renda\/2020\/noticia\/2020\/02\/19\/imposto-de-renda-2020-entrega-da-declaracao-comeca-em-2-de-marco.ghtml\">venceria no pr\u00f3ximo dia 30 de abril&nbsp;<\/a>e est\u00e1 sendo prorrogado para entrega no dia 30 de junho. Portanto prorroga\u00e7\u00e3o por dois meses do prazo de entrega das pessoas f\u00edsicas&#8221;, afirmou o secret\u00e1rio.<\/p>\n\n\n\n<p>A Receita ainda avalia se ser\u00e1 mantido o&nbsp;<strong>prazo do primeiro lote da restitui\u00e7\u00e3o<\/strong>, previsto para 30 de maio.<\/p>\n\n\n\n<p>Tostes Neto deu as informa\u00e7\u00f5es em uma entrevista coletiva no Pal\u00e1cio do Planalto ao lado de outros integrantes da equipe econ\u00f4mica do governo.<\/p>\n\n\n\n<p>De acordo com o \u00faltimo balan\u00e7o divulgado pela Receita, em 30 de mar\u00e7o,&nbsp;<a href=\"https:\/\/g1.globo.com\/economia\/imposto-de-renda\/2020\/noticia\/2020\/03\/30\/receita-ja-recebeu-mais-de-81-milhoes-de-declaracoes-do-ir.ghtml\">foram recebidas pelo \u00f3rg\u00e3o 8,1 milh\u00f5es de declara\u00e7\u00f5es<\/a>&nbsp;\u2013 cerca de 25% do total.<\/p>\n\n\n\n<p>A expectativa, segundo o governo federal, \u00e9 que 32 milh\u00f5es de contribuintes fa\u00e7am a declara\u00e7\u00e3o em 2020.<\/p>\n\n\n\n<h4><br>Impacto do coronav\u00edrus<\/h4>\n\n\n\n<p>H\u00e1 cerca de duas semanas, o secret\u00e1rio Tostes Neto afirmou que a Receita&nbsp;<a href=\"https:\/\/g1.globo.com\/economia\/imposto-de-renda\/2020\/noticia\/2020\/03\/18\/coronavirus-receita-avaliara-se-ha-necessidade-de-estender-prazo-para-declaracao-do-ir-2020.ghtml\">avaliaria o adiamento do prazo<\/a>&nbsp;em raz\u00e3o do avan\u00e7o da&nbsp;<a href=\"https:\/\/g1.globo.com\/bemestar\/coronavirus\/noticia\/2020\/03\/11\/oms-declara-pandemia-de-coronavirus.ghtml\">pandemia<\/a>&nbsp;do novo coronav\u00edrus.<\/p>\n\n\n\n<p>Na ocasi\u00e3o, explicou que o \u00f3rg\u00e3o avaliaria o impacto da crise nas condi\u00e7\u00f5es do contribuinte de declarar o imposto.<\/p>\n\n\n\n<p><br><br><a href=\"https:\/\/g1.globo.com\/economia\/noticia\/2020\/04\/01\/receita-adia-para-30-de-junho-prazo-de-entrega-do-imposto-de-renda.ghtml\" target=\"_blank\" rel=\"noreferrer noopener\" aria-label=\"Fonte: www.g1.globo.com (abre numa nova aba)\">Fonte: www.g1.globo.com<\/a><\/p>\n","protected":false},"excerpt":{"rendered":"<p>Prazo era 30 de abril. Motivo do adiamento \u00e9 a crise provocada pela pandemia do coronav\u00edrus. At\u00e9 a \u00faltima segunda, tinham sido entregues 8 milh\u00f5es dos 32 milh\u00f5es de declara\u00e7\u00f5es esperadas.<\/p>\n","protected":false},"author":3,"featured_media":2808,"comment_status":"closed","ping_status":"closed","sticky":false,"template":"","format":"standard","meta":[],"categories":[2],"tags":[],"_links":{"self":[{"href":"https:\/\/www.confere.org.br\/wordpress\/wp-json\/wp\/v2\/posts\/2807"}],"collection":[{"href":"https:\/\/www.confere.org.br\/wordpress\/wp-json\/wp\/v2\/posts"}],"about":[{"href":"https:\/\/www.confere.org.br\/wordpress\/wp-json\/wp\/v2\/types\/post"}],"author":[{"embeddable":true,"href":"https:\/\/www.confere.org.br\/wordpress\/wp-json\/wp\/v2\/users\/3"}],"replies":[{"embeddable":true,"href":"https:\/\/www.confere.org.br\/wordpress\/wp-json\/wp\/v2\/comments?post=2807"}],"version-history":[{"count":1,"href":"https:\/\/www.confere.org.br\/wordpress\/wp-json\/wp\/v2\/posts\/2807\/revisions"}],"predecessor-version":[{"id":2809,"href":"https:\/\/www.confere.org.br\/wordpress\/wp-json\/wp\/v2\/posts\/2807\/revisions\/2809"}],"wp:featuredmedia":[{"embeddable":true,"href":"https:\/\/www.confere.org.br\/wordpress\/wp-json\/wp\/v2\/media\/2808"}],"wp:attachment":[{"href":"https:\/\/www.confere.org.br\/wordpress\/wp-json\/wp\/v2\/media?parent=2807"}],"wp:term":[{"taxonomy":"category","embeddable":true,"href":"https:\/\/www.confere.org.br\/wordpress\/wp-json\/wp\/v2\/categories?post=2807"},{"taxonomy":"post_tag","embeddable":true,"href":"https:\/\/www.confere.org.br\/wordpress\/wp-json\/wp\/v2\/tags?post=2807"}],"curies":[{"name":"wp","href":"https:\/\/api.w.org\/{rel}","templated":true}]}}