{"id":282,"date":"2019-09-19T16:40:24","date_gmt":"2019-09-19T19:40:24","guid":{"rendered":"http:\/\/www.confere.org.br\/wordpress\/?p=282"},"modified":"2022-07-15T16:17:04","modified_gmt":"2022-07-15T19:17:04","slug":"resolucoes","status":"publish","type":"post","link":"https:\/\/www.confere.org.br\/wordpress\/resolucoes\/","title":{"rendered":"Atos Normativos"},"content":{"rendered":"\n<p><a href=\"https:\/\/confere.org.br\/PDF\/Resolu%C3%A7oes\/Regulamento%20Comenda_2015.pdf\"><strong>Regulamento da Comenda Dr. Pl\u00ednio Affonso de Farias Mello<\/strong><\/a><\/p>\n\n\n\n<p><a href=\"https:\/\/confere.org.br\/PDF\/Resolu\u00e7oes\/2015%20RES%201055%20%2030%20MAR%20%20APROVA%20REGULAMENTO%20COMENDA%20Dr.%20PL\u00cdNIO.pdf\"><strong>Resolu\u00e7\u00e3o n\u00ba 1.055\/2015<\/strong><\/a><br>Aprova a altera\u00e7\u00e3o do Regulamento da &#8220;Comenda Dr. Pl\u00ednio Affonso de Farias Mello&#8221;<\/p>\n\n\n\n<p><a href=\"https:\/\/confere.org.br\/PDF\/Resolu\u00e7oes\/2013%20RES%20878%20DE%2027%20MAR%20%20APROVA%20REGULAMENTO%20COMENDA%20DE%20HONRA%20%20DR.%20PL\u00cdNIO.pdf\"><strong>Resolu\u00e7\u00e3o n\u00ba 878\/2013<\/strong><\/a><br>Institui a Honra ao M\u00e9rito em Representa\u00e7\u00e3o Comercial constitu\u00edda pela &#8220;Comenda Dr. Pl\u00ednio Affonso de Farias Mello&#8221; e aprova o regulamento da horanria.<\/p>\n\n\n\n<p><strong><a href=\"https:\/\/www.confere.org.br\/PDF\/Resolu%C3%A7oes\/Regulamento%20Comenda_2015.pdf\">Regulamento da Comenda Dr. Pl\u00ednio Affonso de Farias Mello \/ 2015<\/a><\/strong><\/p>\n\n\n\n<hr class=\"wp-block-separator\"\/>\n\n\n\n<p><strong>Plano de Cargos e Sal\u00e1rios para o\nSistema Confere\/Cores<\/strong><strong><\/strong><\/p>\n\n\n\n<p><a href=\"https:\/\/confere.org.br\/PDF\/Resolu\u00e7oes\/2008%20%20RESOLU\u00c7\u00c3O%20513%20%201%20ABRIL%20APROVA%20PLANO%20CARGOS.pdf\"><strong>Resolu\u00e7\u00e3o n\u00ba 513\/2008<\/strong><\/a><br> Plano de Cargos e Sal\u00e1rios para o Sistema Confere\/Cores<\/p>\n\n\n\n<hr class=\"wp-block-separator\"\/>\n\n\n\n<p><strong>Protesto de certid\u00f5es de d\u00edvida ativa<\/strong><strong><\/strong><\/p>\n\n\n\n<p><a href=\"https:\/\/confere.org.br\/PDF\/Resolu\u00e7oes\/2017%20Resolu\u00e7\u00e3o%201095%20(CDA).pdf\"><strong>Resolu\u00e7\u00e3o n\u00ba 1.095\/2017<\/strong><\/a><br> Aprova o protesto de certid\u00f5es de d\u00edvida ativa no \u00e2mbito do Sistema Confere\/Cores.<\/p>\n\n\n\n<hr class=\"wp-block-separator\"\/>\n\n\n\n<p><strong>Abertura de cr\u00e9ditos adicionais\nor\u00e7ament\u00e1rios<\/strong><strong><\/strong><\/p>\n\n\n\n<p><a href=\"https:\/\/confere.org.br\/PDF\/Resolu\u00e7oes\/2014%20Res%20966%20creditos%20Adicionais%20Or\u00e7amentarios.pdf\"><strong>Resolu\u00e7\u00e3o n\u00ba 966\/2014<\/strong><\/a><br> Normatiza procedimentos para a abertura de cr\u00e9ditos adicionais or\u00e7ament\u00e1rios<\/p>\n\n\n\n<hr class=\"wp-block-separator\"\/>\n\n\n\n<p><strong>Sobre o calc\u00falo percentual de 20% a que\nse refere \u00a7 2\u00ba do artigo 7\u00ba da Lei n\u00ba 4.886<\/strong><strong><\/strong><\/p>\n\n\n\n<p><a href=\"https:\/\/www.confere.org.br\/PDF\/Resolu%C3%A7oes\/Resolucao_334_2005.pdf\"><strong>Re<\/strong><\/a><strong><a href=\"https:\/\/confere.org.br\/PDF\/Resolu\u00e7oes\/2005%20RESOLUCAO%20334.pdf\">solu\u00e7<\/a><\/strong><a href=\"https:\/\/confere.org.br\/PDF\/Resolu\u00e7oes\/2005%20RESOLUCAO%20334.pdf\"><strong>\u00e3o n\u00ba 334\/2005<\/strong><\/a><br> Normatiza o \u00a7 2\u00ba do artigo 7\u00ba da Lei n\u00ba 4.886, de 09 de dezembro de 1965.<\/p>\n\n\n\n<hr class=\"wp-block-separator\"\/>\n\n\n\n<p><strong>Comiss\u00e3o Permanente de Assessoramento\nCont\u00e1bil e de Gest\u00e3o<\/strong><strong><\/strong><\/p>\n\n\n\n<p><a href=\"https:\/\/confere.org.br\/PDF\/Resolu\u00e7oes\/2010%20RESOLU\u00c7\u00c3O%20643%2029%20MAR\u00c7O%20COM%20ASSESS%20CONT%20E%20GEST\u00c3O.pdf\"><strong>Resolu\u00e7\u00e3o n\u00ba 643\/2010<\/strong><\/a><br> Oficializa a cria\u00e7\u00e3o da Comiss\u00e3o Permanente de Assessoramento Cont\u00e1bil e de Gest\u00e3o do Confere<\/p>\n\n\n\n<hr class=\"wp-block-separator\"\/>\n\n\n\n<p><\/p>\n\n\n\n<p><\/p>\n\n\n\n<hr class=\"wp-block-separator\"\/>\n\n\n\n<p><strong>Manual de Fiscaliza\u00e7\u00e3o<\/strong><strong><\/strong><\/p>\n\n\n\n<p><a href=\"https:\/\/confere.org.br\/PDF\/Resolu\u00e7oes\/2018%20RESOLU\u00c7\u00c3O%201111%20DE%2028%20MAR%20%20APROVA%20MANUAL%20FISCALIZA\u00c7\u00c3O.pdf\"><strong>Resolu\u00e7\u00e3o n\u00ba 1.111\/2018<\/strong><\/a><br> Aprova o Manual de Procedimentos de Fiscaliza\u00e7\u00e3o<\/p>\n\n\n\n<hr class=\"wp-block-separator\"\/>\n\n\n\n<p><strong>Regimento Interno<\/strong><strong><\/strong><\/p>\n\n\n\n<p><a href=\"https:\/\/confere.org.br\/PDF\/Resolu\u00e7oes\/2018%20%20RES%201110%20de%2028%20DE%20MAR%20APROVA%20ALTERA\u00c7\u00c3O%20REG%20INTERNO.pdf\"><strong>Resolu\u00e7\u00e3o n\u00ba 1.110\/2018<\/strong><\/a><br> Aprova as altera\u00e7\u00f5es introduzidas no Regimento Interno<\/p>\n\n\n\n<hr class=\"wp-block-separator\"\/>\n\n\n\n<p><strong>Presta\u00e7\u00f5es de Contas<\/strong><strong><\/strong><\/p>\n\n\n\n<p><a href=\"https:\/\/confere.org.br\/PDF\/Resolu\u00e7oes\/2019%20Res%201127%20-%20Prestacao%20Contas%202018%20sistema.pdf\"><strong>Resolu\u00e7\u00e3o n\u00ba 1.127\/2019<\/strong><\/a><br> Aprova as Presta\u00e7\u00f5es de Contas<\/p>\n\n\n\n<p><a href=\"https:\/\/confere.org.br\/PDF\/Resolu\u00e7oes\/2018%20Res%201109%20Prestacao%20Contas%202017%20aprova%20versao%20final.pdf\"><strong>Resolu\u00e7\u00e3o n\u00ba 1.109\/2018<\/strong><\/a><br> Aprova as Presta\u00e7\u00f5es de Contas<br> <\/p>\n\n\n\n<p><a href=\"https:\/\/confere.org.br\/PDF\/Resolu\u00e7oes\/Res%201.123-2018%20-%20Prestacao%20Contas%202017%20aprova%20AM-SP-RO.pdf\"><strong>Resolu\u00e7\u00e3o n\u00ba 1.123\/2018<\/strong><\/a><br> Aprovou a presta\u00e7\u00e3o de contas de 2017 dos Cores Amazonas, S\u00e3o Paulo e Rond\u00f4nia, que tinham ficado em dilig\u00eancia<\/p>\n\n\n\n<hr class=\"wp-block-separator\"\/>\n\n\n\n<p><strong>Isen\u00e7\u00e3o de anuidade<\/strong><strong><\/strong><\/p>\n\n\n\n<p><a href=\"https:\/\/confere.org.br\/PDF\/Resolu\u00e7oes\/2001%20RESOLU\u00c7\u00c3O%20142%20-inadimpl\u00eancia%20por%20motivo%20de%20sa\u00fade.pdf\"><strong>Resolu\u00e7\u00e3o n\u00ba 142\/2001<\/strong><\/a><br> Isen\u00e7\u00e3o de pagamento para caso espec\u00edfico<\/p>\n\n\n\n<p><a href=\"https:\/\/confere.org.br\/PDF\/Resolu\u00e7oes\/2015%20RES%201068%20%20ISEN\u00c7\u00c3O%20IDOSOS%20%20REVOGA%20RES%201058.pdf\"><strong>Resolu\u00e7\u00e3o n\u00ba 1.068\/2015<\/strong><\/a><br> Isen\u00e7\u00e3o de pagamento para caso espec\u00edfico<\/p>\n\n\n\n<hr class=\"wp-block-separator\"\/>\n\n\n\n<p><strong>Anuidades e Emolumentos<\/strong><\/p>\n\n\n\n<p> <a href=\"https:\/\/confere.org.br\/PDF\/Resolu%C3%A7oes\/2019%20RESOLU%C3%87%C3%83O%201140%20ANUIDADES%20-%202020.pdf\"><strong>Resolu\u00e7\u00e3o n\u00ba 1.140\/2019<\/strong><\/a><br> Anuidades exerc\u00edcio 2020 <\/p>\n\n\n\n<p> <a href=\"https:\/\/confere.org.br\/PDF\/Resolu%C3%A7oes\/2019%20resolu%C3%A7%C3%A3o%201141%20EMOLUMENTOS%20-%202020.pdf\"><strong>Resolu\u00e7\u00e3o n\u00ba 1.141\/2019<\/strong><\/a><br> Emolumentos exerc\u00edcio 2020 <\/p>\n\n\n\n<p><a href=\"https:\/\/confere.org.br\/PDF\/Resolu\u00e7oes\/2018%20RESOLU\u00c7\u00c3O%201119%202018%20ANUIDADES%20-%202019.pdf\"><strong>Resolu\u00e7\u00e3o n\u00ba 1.119\/2018<\/strong><\/a><br> Anuidade exerc\u00edcio 2019<\/p>\n\n\n\n<p><a href=\"https:\/\/confere.org.br\/PDF\/Resolu\u00e7oes\/2018%20RESOLU\u00c7\u00c3O%201120%202018%20EMOLUMENTOS%20-%202019.pdf\"><strong>Resolu\u00e7\u00e3o n\u00ba 1.120\/2018<\/strong><\/a><br> Emolumentos exerc\u00edcio 2019<\/p>\n\n\n\n<p><a href=\"https:\/\/confere.org.br\/PDF\/Resolu\u00e7oes\/2016%20RESOLU\u00c7\u00c3O%201083%20ANUIDADES%20-%202017.pdf\"><strong>Resolu\u00e7\u00e3o n\u00ba 1.083\/2016<\/strong><\/a><br> Anuidade exerc\u00edcio 2017<\/p>\n\n\n\n<p><a href=\"https:\/\/confere.org.br\/PDF\/Resolu\u00e7oes\/2016%20Resolu\u00e7\u00e3o%201084%20EMOLUMENTOS%20-%202017.pdf\"><strong>Resolu\u00e7\u00e3o n\u00ba 1.084\/2016<\/strong><\/a><br> Emolumentos exerc\u00edcio 2017<\/p>\n\n\n\n<p><a href=\"https:\/\/confere.org.br\/PDF\/Resolu\u00e7oes\/2017%20RESOLU\u00c7\u00c3O%201100%20ANUIDADES%20-%202018.pdf\"><strong>Resolu\u00e7\u00e3o n\u00ba 1.100\/2017<\/strong><\/a><br> Anuidade exerc\u00edcio 2018<\/p>\n\n\n\n<p><a href=\"https:\/\/confere.org.br\/PDF\/Resolu\u00e7oes\/2017%20RESOLU\u00c7\u00c3O%201101%20EMOLUMENTOS%20-%202018.pdf\"><strong>Resolu\u00e7\u00e3o n\u00ba 1.101\/2017<\/strong><\/a><br> Emolumentos exerc\u00edcio 2018<\/p>\n\n\n\n<p><a href=\"https:\/\/confere.org.br\/PDF\/Resolu\u00e7oes\/2012%20RESOLU\u00c7\u00c3O%20818%20DE%2017%20SET%20ANUIDADES.pdf\"><strong>Resolu\u00e7\u00e3o n\u00ba 818\/2012<\/strong><\/a><br> Anuidades exerc\u00edcio de 2013<\/p>\n\n\n\n<p><a href=\"https:\/\/confere.org.br\/PDF\/Resolu\u00e7oes\/2012%20RESOLU\u00c7AO%20819%20%20DE%2017%20SET%20%20EMOLUMENTOS.pdf\"><strong>Resolu\u00e7\u00e3o n\u00ba 819\/2012<\/strong><\/a><br> Emolumentos exerc\u00edcio 2013<\/p>\n\n\n\n<hr class=\"wp-block-separator\"\/>\n\n\n\n<p><strong>Registro<\/strong><\/p>\n\n\n\n<p> <strong><a href=\"https:\/\/confere.org.br\/PDF\/RESOLU\u00c7\u00c3O%20DESCONTO%20ANUIDADE_ok.pdf\" target=\"_blank\" rel=\"noreferrer noopener\" aria-label=\" (abre numa nova aba)\">Resolu\u00e7\u00e3o n\u00ba 1.143\/2019<\/a><\/strong> <br> Regula a concess\u00e3o de descontos ao pagamento da anuidade quando do registro inicial <\/p>\n\n\n\n<p><a href=\"https:\/\/confere.org.br\/PDF\/Resolu\u00e7oes\/Resolu\u00e7\u00e3o%20277.2004%20c\u00f3digo%20de%20\u00e9tica.pdf\"><strong>Resolu\u00e7\u00e3o n\u00ba 277\/2004<\/strong><\/a><br> C\u00f3digo de \u00c9tica<\/p>\n\n\n\n<p><a href=\"https:\/\/confere.org.br\/PDF\/Resolu\u00e7oes\/2005%20RESOL%20335%2013.04%20%20registro-anuidades%20revoga%20Resol%20189-02.pdf\"><strong>Resolu\u00e7\u00e3o n\u00ba 335\/2005<\/strong> <strong>&#8211; Revogada<\/strong><\/a><br> Obriga\u00e7\u00e3o de Indica\u00e7\u00e3o de Respons\u00e1vel T\u00e9cnico<\/p>\n\n\n\n<p><a href=\"https:\/\/confere.org.br\/PDF\/Resolu\u00e7oes\/2015%20RES%201.063%20DE%2016.07.%20DEFINE%20ATIVIDADES%20SUJEITAS%20REG%20NOS%20CORES%20revoga%20396-06.pdf\"><strong>Resolu\u00e7\u00e3o n\u00ba 1.063\/2015<\/strong><\/a><br> Atividades sujeitas ao registro nos Cores<\/p>\n\n\n\n<hr class=\"wp-block-separator\"\/>\n\n\n\n<p><strong>C\u00e9dula de Identidade<\/strong><\/p>\n\n\n\n<p><a href=\"https:\/\/confere.org.br\/PDF\/Resolu\u00e7oes\/2017%20Resolu\u00e7\u00e3o%201096%20(nova%20carteira)%20ATUAL.pdf\"><strong>Resolu\u00e7\u00e3o n\u00ba 1.096\/2017<\/strong><\/a><br> Nova c\u00e9dula de identidade profissional<\/p>\n\n\n\n<p><a href=\"https:\/\/confere.org.br\/PDF\/Resolu\u00e7oes\/2017%20RESOLU\u00c7\u00c3O%201099%20DE%2006%20ABR%20%20CARTEIRA%20EMPRESARIO%20INDI.pdf\"><strong>Resolu\u00e7\u00e3o n\u00ba 1.099\/2017<\/strong><\/a><br> C\u00e9dula de Identidade Profissional do Empres\u00e1rio Individual &#8211; Representante Comercial<\/p>\n\n\n\n<p><a href=\"https:\/\/confere.org.br\/PDF\/Resolu\u00e7oes\/2018%20RESOLU\u00c7\u00c3O%20%201113%20DE%2026%20ABR%20RESP%20T\u00c9CNICO%20-%20CART\u00c3O%20P%20JUR\u00cdDICA.pdf\"><strong>Resolu\u00e7\u00e3o n\u00ba 1.113\/2018<\/strong><\/a><br> Institui o Cart\u00e3o de Identifica\u00e7\u00e3o da Pessoa Jur\u00eddica<\/p>\n\n\n\n<hr class=\"wp-block-separator\"\/>\n\n\n\n<p><strong>Gradua\u00e7\u00e3o em Representa\u00e7\u00e3o Comercial<\/strong><\/p>\n\n\n\n<p><a href=\"https:\/\/confere.org.br\/PDF\/Resolu\u00e7oes\/2006%20%20RESOL%20398%2023%20mar%20curso%20superior%20Rep%20Comercial%20%20juramento%20pedra%20anel%20e%20simbolo.pdf\"><strong>Resolu\u00e7\u00e3o n\u00ba 398\/2006<\/strong><\/a><br> Juramento cola\u00e7\u00e3o de grau gradua\u00e7\u00e3o em Representa\u00e7\u00e3o Comercial<\/p>\n\n\n\n<hr class=\"wp-block-separator\"\/>\n\n\n\n<p><strong>Pagamento em cart\u00e3o<\/strong><\/p>\n\n\n\n<p><a href=\"https:\/\/confere.org.br\/PDF\/Resolu\u00e7oes\/2017%20Resolu\u00e7\u00e3o%201097%20%2006%20ABR%20(cartao%20de%20credito).pdf\"><strong>Resolu\u00e7\u00e3o n\u00ba 1.097\/2017<\/strong><\/a><br> Aprova recebimento em cart\u00e3o de cr\u00e9dito e d\u00e9bito<br> <br> <a href=\"https:\/\/confere.org.br\/PDF\/Resolu\u00e7oes\/2019%20Resolucao%201133%20cartao%20de%20credito%20versao%20andre%20e%20paulo%20FINALIZADA.pdf\"><strong>Resolu\u00e7\u00e3o n\u00ba 1.133\/2019<\/strong><\/a><br> Aprova o recebimento dos cr\u00e9ditos dos Conselhos Regionais do Sistema\/Cores por meio dos cart\u00f5es de cr\u00e9dito e d\u00e9bito<\/p>\n\n\n\n<hr class=\"wp-block-separator\"\/>\n\n\n\n<p><strong>Sobre Parcelamento<\/strong><\/p>\n\n\n\n<p><a href=\"https:\/\/confere.org.br\/PDF\/Resolu\u00e7oes\/2003%20Resolu\u00e7\u00e3o%20220%20parcelamento.pdf\"><strong>Resolu\u00e7\u00e3o n\u00ba 220\/2003<\/strong><\/a><br>Sobre parcelamentos<\/p>\n\n\n\n<hr class=\"wp-block-separator\"\/>\n\n\n\n<p><strong>Refis<\/strong><\/p>\n\n\n\n<p><a href=\"https:\/\/confere.org.br\/PDF\/Resolu\u00e7oes\/2017%20Resolu\u00e7\u00e3o%201098%20(REFIS).pdf\"><strong>Resolu\u00e7\u00e3o n\u00ba 1.098\/2017<\/strong><\/a><br> Programa de Recupera\u00e7\u00e3o de Cr\u00e9ditos para o Sistema Confere\/Cores<br> <a href=\"https:\/\/confere.org.br\/PDF\/Resolu\u00e7oes\/2019%20Resolu\u00e7\u00e3o%201129%20REFIS.pdf\"><br> <strong>Resolu\u00e7\u00e3o n\u00ba 1.129\/2019<\/strong><\/a><br> II Programa de Recupera\u00e7\u00e3o de Cr\u00e9ditos para o Sistema Confere\/Cores<\/p>\n\n\n\n<hr class=\"wp-block-separator\"\/>\n\n\n\n<p><strong>Proposta Or\u00e7ament\u00e1ria<br> <br> <a href=\"https:\/\/confere.org.br\/PDF\/Resolu\u00e7oes\/2019%20Res%201126%20Prop%20Or\u00e7amentaria%202019%20sistema.pdf\">Resolu\u00e7\u00e3o n\u00ba 1.126\/2019<\/a><br> <\/strong>Aprova as Propostas Or\u00e7ament\u00e1rias<\/p>\n\n\n\n<p><a href=\"https:\/\/confere.org.br\/PDF\/Resolu\u00e7oes\/2018%20Res%201121%20Proposta%20Or\u00e7ament\u00e1ria%202019.pdf\"><strong>Resolu\u00e7\u00e3o n\u00ba 1.121\/2018<\/strong><\/a><br> Regras para elabora\u00e7\u00e3o e formaliza\u00e7\u00e3o de Proposta Or\u00e7ament\u00e1ria 2019<\/p>\n\n\n\n<p><a href=\"https:\/\/confere.org.br\/PDF\/Resolu\u00e7oes\/2017%20Res%201102%20Proposta%20Or\u00e7ament\u00e1ria%202018.pdf\"><strong>Resolu\u00e7\u00e3o n\u00ba 1.102\/2017<\/strong><\/a><br> Regras para elabora\u00e7\u00e3o e formaliza\u00e7\u00e3o de Proposta Or\u00e7ament\u00e1ria 2018<\/p>\n\n\n\n<p><a href=\"https:\/\/confere.org.br\/PDF\/Resolu\u00e7oes\/2019%20Res%201134%20PP%20Or\u00e7%20e%20Abert%20Cred%20consolidada.pdf\"><strong>Resolu\u00e7\u00e3o n\u00ba 1.134\/2019<\/strong><\/a><br> Fixa as regras para elabora\u00e7\u00e3o e formaliza\u00e7\u00e3o do processo da Proposta Or\u00e7ament\u00e1ria para os exerc\u00edcios financeiros e para as aberturas de cr\u00e9ditos or\u00e7ament\u00e1rios dos Conselhos integrantes do Sistema Confere\/Cores.<\/p>\n\n\n\n<hr class=\"wp-block-separator\"\/>\n\n\n\n<p><strong>Aux\u00edlio Educa\u00e7\u00e3o<\/strong><\/p>\n\n\n\n<p><a href=\"https:\/\/confere.org.br\/PDF\/Resolu\u00e7oes\/2008%20Resolu\u00e7\u00e3o%20524%20de%2025%20jul%20aux\u00edlio%20Educa\u00e7\u00e3o.pdf\"><strong>Resolu\u00e7\u00e3o n\u00ba 524\/2008<\/strong><\/a><br> Aux\u00edlio Educa\u00e7\u00e3o<\/p>\n\n\n\n<hr class=\"wp-block-separator\"\/>\n\n\n\n<p><strong>Uso de Armas Nacionais<\/strong><\/p>\n\n\n\n<p><a href=\"https:\/\/confere.org.br\/PDF\/Resolu\u00e7oes\/2011%20RES%20674%20%2031.03%20BRAS\u00c3O%20DA%20REP\u00daBLICA.pdf\"><strong>Resolu\u00e7\u00e3o n\u00ba 674\/2011<\/strong><\/a><br> Uso de Armas Nacionais &#8211; Bras\u00e3o da Rep\u00fablica<\/p>\n\n\n\n<hr class=\"wp-block-separator\"\/>\n\n\n\n<p><strong>Manual de Normas e Procedimentos<\/strong><\/p>\n\n\n\n<p><a href=\"https:\/\/confere.org.br\/PDF\/Resolu\u00e7oes\/2013%20RES%20832%20DE%2019%20mar%20%20APROVA%202\u00aa%20EDI\u00c7\u00c3O%20MANUAL%20PROCEDIMENTOS.pdf\"><strong>Resolu\u00e7\u00e3o n\u00ba 832\/2013<\/strong><\/a><br> Manual de Normas de Procedimentos<\/p>\n\n\n\n<hr class=\"wp-block-separator\"\/>\n\n\n\n<p><strong>Padroniza\u00e7\u00e3o de Expedientes<\/strong><\/p>\n\n\n\n<p><a href=\"https:\/\/confere.org.br\/PDF\/Resolu\u00e7oes\/2015%20Resolu\u00e7\u00e3o%201056%20padroniza\u00e7\u00e3o%20de%20expedientes.pdf\"><strong>Resolu\u00e7\u00e3o n\u00ba 1.056\/2015<\/strong><\/a><br> Padroniza\u00e7\u00e3o de expedientes Sistema Confere\/Cores<\/p>\n\n\n\n<hr class=\"wp-block-separator\"\/>\n\n\n\n<p><strong>Elei\u00e7\u00f5es<\/strong><\/p>\n\n\n\n<p><a href=\"https:\/\/confere.org.br\/PDF\/Resolu\u00e7oes\/2008%20%20%20RESOLU\u00c7\u00c3O%20516%20%2001%20ABR%20ELEI\u00c7\u00c3O.pdf\"><strong>Resolu\u00e7\u00e3o n\u00ba 516\/2008 &#8211; Revogada<\/strong><\/a><br> Acompanhamento e Assessoramento das Elei\u00e7\u00f5es<\/p>\n\n\n\n<p><a href=\"https:\/\/confere.org.br\/PDF\/Resolu\u00e7oes\/2019%20Resolu\u00e7\u00e3o%201132%202019%20regulamento%20eleitoral%20padrao.pdf\"><strong>Resolu\u00e7\u00e3o n\u00ba 1.132\/2019<\/strong><\/a><br> Aprova\u00e7\u00e3o do Regulamento Eleitoral Padr\u00e3o<\/p>\n\n\n\n<p><a href=\"https:\/\/confere.org.br\/PDF\/Resolu\u00e7oes\/2019%20Resolu\u00e7\u00e3o%201128%20ELEI\u00c7\u00d5ES.pdf\"><strong>Resolu\u00e7\u00e3o n\u00ba 1.128\/2019<\/strong><\/a><br> Sobre o acompanhamento e assessoramento pelo Confere nas elei\u00e7\u00f5es para composi\u00e7\u00e3o dos Cores<\/p>\n\n\n\n<hr class=\"wp-block-separator\"\/>\n\n\n\n<p><strong>Processo Eleitoral<\/strong><\/p>\n\n\n\n<p><strong><a href=\"https:\/\/confere.org.br\/PDF\/Resolu\u00e7oes\/2019%20Resolu\u00e7\u00e3o%20n%201124.2018%20processo%20eleitoral%20CORE-RN.pdf\">Resolu\u00e7\u00e3o n\u00ba 1.124\/2019<\/a><\/strong><br> Deflagrou o processo eleitoral para o Core-RN, tri\u00eanio 2019\/2022<\/p>\n\n\n\n<hr class=\"wp-block-separator\"\/>\n\n\n\n<p><strong>Concess\u00e3o de Di\u00e1rias<\/strong><\/p>\n\n\n\n<p><a href=\"https:\/\/confere.org.br\/PDF\/Resolu\u00e7oes\/2018%20RESOLU\u00c7\u00c3O%201115%20DE%2018%20JUN%20%20%20DI\u00c1RIAS%202\u00aa%20VERS\u00c3O%20-%202\u00aa%20V.pdf\"><strong>Resolu\u00e7\u00e3o n\u00ba 1.115\/2018<\/strong><\/a><br> Altera os incisos V e VI do art. 1\u00ba da Resolu\u00e7\u00e3o n\u00ba 955\/2014<\/p>\n\n\n\n<p><a href=\"https:\/\/confere.org.br\/PDF\/Resolu\u00e7oes\/2019%20Resolu\u00e7\u00e3o%201131%20%20JETON%20verba%20de%20representa\u00e7\u00e3o.pdf\"><strong>Resolu\u00e7\u00e3o n\u00ba 1.131\/2019<\/strong><\/a><br> Sobre o pagamento de&nbsp;<em>jeton<\/em><\/p>\n\n\n\n<p><a href=\"https:\/\/confere.org.br\/PDF\/Resolu\u00e7oes\/2018%20RESOLU\u00c7\u00c3O%201115%20DE%2018%20JUN%20%20%20DI\u00c1RIAS%202\u00aa%20VERS\u00c3O%20-%202\u00aa%20V.pdf\"><strong>Resolu\u00e7\u00e3o n\u00ba 1.115\/2018<\/strong><\/a><br> Altera os incisos V e VI do art. 1\u00ba da Resolu\u00e7\u00e3o n\u00ba 955\/2014<\/p>\n\n\n\n<p><a href=\"https:\/\/confere.org.br\/PDF\/Resolu\u00e7oes\/2014%20RESOLU\u00c7\u00c3O%20955%2003%20ABR%20%20DI\u00c1RIAS%20(Res.%20955-2014%20ALTERADA%20PELA%201.115-2018).pdf\"><strong>Resolu\u00e7\u00e3o n\u00ba 955\/2014<\/strong><\/a><br> Regula a concess\u00e3o de di\u00e1rias no \u00e2mbito do Sistema Confere\/Cores<\/p>\n\n\n\n<hr class=\"wp-block-separator\"\/>\n\n\n\n<p><strong>Interven\u00e7\u00e3o no Core-RN<\/strong><\/p>\n\n\n\n<p><a href=\"https:\/\/confere.org.br\/PDF\/Resolu\u00e7oes\/2018%20RESOLU\u00c7\u00c3O%201114%20%20DE%2012%20JUN%20%20PRORROGA%20INTERV%20RN%20PARTIR%20%2001.07.2018%20-%20C\u00f3pia.pdf\"><strong>Resolu\u00e7\u00e3o n\u00ba 1.114\/2018<\/strong><\/a><br> Prorrogou a interven\u00e7\u00e3o no Core-RN<\/p>\n\n\n\n<p><a href=\"https:\/\/confere.org.br\/PDF\/Resolu\u00e7oes\/2018%20Resolu\u00e7\u00e3o%201118%202018%20Core%20-%20RN%20-%20Prorrog.%20Interv.%20Set.%202018.pdf\"><strong>Resolu\u00e7\u00e3o n\u00ba1.118\/2018<\/strong><\/a><br> Prorrogou a interven\u00e7\u00e3o no Core-RN<\/p>\n\n\n\n<p><a href=\"https:\/\/confere.org.br\/PDF\/Resolu\u00e7oes\/2018%20Resolu\u00e7\u00e3o%201122%202018%20Core%20-%20RN%20-%20Prorrog.%20Interv.%20Dez.%202018.pdf\"><strong>Resolu\u00e7\u00e3o n\u00ba 1.122\/2018<\/strong><\/a><br> Prorrogou a interven\u00e7\u00e3o no Core-RN<\/p>\n\n\n\n<p><a href=\"https:\/\/confere.org.br\/PDF\/Resolu\u00e7oes\/2019%20Resolu\u00e7\u00e3o%20n%201125.2019%20Core-RN%20(Fim%20da%20interven\u00e7\u00e3o).pdf\"><strong>Resolu\u00e7\u00e3o n\u00ba1.125\/2019<\/strong><\/a><br> Deliberou sobre o encerramento da interven\u00e7\u00e3o do Core-RN<\/p>\n\n\n\n<hr class=\"wp-block-separator\"\/>\n\n\n\n<p><strong>Interven\u00e7\u00e3o no Core-SP<\/strong><\/p>\n\n\n\n<p><a href=\"https:\/\/confere.org.br\/PDF\/Resolu\u00e7oes\/2018%20Resolu\u00e7\u00e3o%201116%202018%20Core-SP%20(Fim%20da%20interven\u00e7\u00e3o).pdf\"><strong>Resolu\u00e7\u00e3o n\u00ba 1.116\/2018<\/strong><\/a><br> Deliberou sobre o encerramento da interven\u00e7\u00e3o do Core-SP<\/p>\n\n\n\n<hr class=\"wp-block-separator\"\/>\n\n\n\n<p><strong>Interven\u00e7\u00e3o no Core-AL<\/strong><\/p>\n\n\n\n<p><a href=\"https:\/\/confere.org.br\/PDF\/Resolu\u00e7oes\/2019%20Resolu\u00e7\u00e3o%20n\u00b0%201.138.2019%20INSTAURA%20Interv%20AL.pdf\"><strong>Resolu\u00e7\u00e3o n\u00ba 1.138\/2019<\/strong><\/a><br> Disp\u00f5e sobre a interven\u00e7\u00e3o do Confere no Core-AL<\/p>\n\n\n\n<hr class=\"wp-block-separator\"\/>\n\n\n\n<p><strong>Respons\u00e1vel T\u00e9cnico<\/strong><\/p>\n\n\n\n<p><a href=\"https:\/\/confere.org.br\/PDF\/Resolu\u00e7oes\/2019%20Resolu\u00e7\u00e3o%201130%20%20%20Respons\u00e1vel%20T\u00e9cnico.pdf\"><strong>Resolu\u00e7\u00e3o n\u00ba1.130\/2019<\/strong><\/a><br> Sobre a indica\u00e7\u00e3o do Respons\u00e1vel T\u00e9cnico das empresas de Representa\u00e7\u00e3o Comercial<\/p>\n\n\n\n<hr class=\"wp-block-separator\"\/>\n\n\n\n<p><strong>Plano de Sa\u00fade<\/strong><\/p>\n\n\n\n<p><a href=\"https:\/\/confere.org.br\/PDF\/Resolu\u00e7oes\/2019%20Resolu\u00e7\u00e3o%201135%20ALTERADA%20EM%2029.05%20%20%20%20NOVO%20TEXTO%20DA%20RESOLU\u00c7\u00c3O%20877.2013%20-%20PLANO%20SA\u00daDE.pdf\"><strong>Resolu\u00e7\u00e3o n\u00ba 1.135\/2019<\/strong><\/a><br> Regulamenta a contrata\u00e7\u00e3o de assist\u00eancia m\u00e9dica<\/p>\n\n\n\n<p><a href=\"https:\/\/confere.org.br\/PDF\/Resolu\u00e7oes\/2019%20PORTARIA%2051.2019%20PLANO%20D%20SA\u00daDE%20RESTITUI\u00c7\u00c3O.pdf\"><strong>Portaria n\u00ba 51\/2019<\/strong><\/a><br> Concess\u00e3o de aux\u00edlio-sa\u00fade, sob a forma de reembolso, aos empregados do Confere<\/p>\n\n\n\n<hr class=\"wp-block-separator\"\/>\n\n\n\n<p><strong>Empr\u00e9stimos e Doa\u00e7\u00f5es<\/strong><\/p>\n\n\n\n<p><a href=\"https:\/\/confere.org.br\/PDF\/Resolu\u00e7oes\/2007%20RES%20440%2029%20MAR%20%20EMPREST%20%20DOA\u00c7\u00d5ES.pdf\"><strong>Resolu\u00e7\u00e3o n\u00ba 440\/2007<\/strong><\/a><br> Sobre a Concess\u00e3o de Subven\u00e7\u00f5es, empr\u00e9stimos e doa\u00e7\u00f5es pelo Confere aos Cores.<\/p>\n\n\n\n<hr class=\"wp-block-separator\"\/>\n\n\n\n<p><strong>Atos Homologat\u00f3rios<\/strong><\/p>\n\n\n\n<p><a href=\"https:\/\/www.confere.org.br\/PDF\/RESOLU%C3%87%C3%95ES%2025.03.19\/ato_homo_01_2019.pdf\"><strong>Ato Homologat\u00f3rio n\u00ba 01\/2019<\/strong><\/a><br>\nHomologa o resultado da elei\u00e7\u00e3o do Conselho Regional dos Representantes\nComerciais no Estado da Para\u00edba para o tri\u00eanio 2018\/2021<\/p>\n\n\n\n<p><a href=\"https:\/\/www.confere.org.br\/PDF\/RESOLU%C3%87%C3%95ES%2025.03.19\/Ato%20Homologat%C3%B3rio%2003.2019%20-%20CORE-GO%202018.2021.PDF\"><strong>Ato Homologat\u00f3rio n\u00ba 03\/2019<\/strong><\/a><br>\nHomologa o resultado da elei\u00e7\u00e3o do composi\u00e7\u00e3o do Conselho Regional dos\nRepresentantes Comerciais no Estado de Goias.<\/p>\n\n\n\n<p><a href=\"https:\/\/www.confere.org.br\/PDF\/RESOLU%C3%87%C3%95ES%2025.03.19\/Ato%20Homologat%C3%B3rio%2004.2019%20-%20CORE-TO%202019.2022.PDF\"><strong>Ato Homologat\u00f3rio n\u00ba 04\/2019<\/strong><\/a><br>\nHomologa o resultado da elei\u00e7\u00e3o do composi\u00e7\u00e3o do Conselho Regional dos\nRepresentantes Comerciais no Estado de Tocantins.<\/p>\n\n\n\n<p><a href=\"https:\/\/www.confere.org.br\/PDF\/RESOLU%C3%87%C3%95ES%2025.03.19\/Ato%20Homologat%C3%B3rio%2006.2019%20-%20CORE-PR%202019.2022.PDF\"><strong>Ato Homologat\u00f3rio n\u00ba 06\/2019<\/strong><\/a><br> Homologa o resultado da elei\u00e7\u00e3o do composi\u00e7\u00e3o do Conselho Regional dos Representantes Comerciais no Estado de Paran\u00e1.<\/p>\n\n\n\n<p><a lnkr_redirecting=\"true\" href=\"https:\/\/www.confere.org.br\/PDF\/RESOLU%C3%87%C3%95ES%2025.03.19\/Ato%20Homologat%C3%B3rio%2007.2019%20-%20CORE-RO%202018.2021.PDF\"><strong>Ato Homologat\u00f3rio n\u00ba 07\/2019<\/strong><\/a><br> Homologa o resultado da elei\u00e7\u00e3o do composi\u00e7\u00e3o do Conselho Regional dos Representantes  <\/p>\n","protected":false},"excerpt":{"rendered":"<p>Regulamento da Comenda Dr. Pl\u00ednio Affonso de Farias Mello Resolu\u00e7\u00e3o n\u00ba 1.055\/2015Aprova a altera\u00e7\u00e3o do Regulamento da &#8220;Comenda Dr. Pl\u00ednio Affonso de Farias Mello&#8221; Resolu\u00e7\u00e3o n\u00ba 878\/2013Institui a Honra ao M\u00e9rito em Representa\u00e7\u00e3o Comercial constitu\u00edda pela &#8220;Comenda Dr. Pl\u00ednio Affonso de Farias Mello&#8221; e aprova o regulamento da horanria. Regulamento da Comenda Dr. Pl\u00ednio Affonso &hellip; <\/p>\n<p class=\"link-more\"><a href=\"https:\/\/www.confere.org.br\/wordpress\/resolucoes\/\" class=\"more-link\">Continue lendo<span class=\"screen-reader-text\"> &#8220;Atos Normativos&#8221;<\/span><\/a><\/p>\n","protected":false},"author":3,"featured_media":0,"comment_status":"closed","ping_status":"open","sticky":false,"template":"","format":"standard","meta":[],"categories":[18,52],"tags":[],"_links":{"self":[{"href":"https:\/\/www.confere.org.br\/wordpress\/wp-json\/wp\/v2\/posts\/282"}],"collection":[{"href":"https:\/\/www.confere.org.br\/wordpress\/wp-json\/wp\/v2\/posts"}],"about":[{"href":"https:\/\/www.confere.org.br\/wordpress\/wp-json\/wp\/v2\/types\/post"}],"author":[{"embeddable":true,"href":"https:\/\/www.confere.org.br\/wordpress\/wp-json\/wp\/v2\/users\/3"}],"replies":[{"embeddable":true,"href":"https:\/\/www.confere.org.br\/wordpress\/wp-json\/wp\/v2\/comments?post=282"}],"version-history":[{"count":24,"href":"https:\/\/www.confere.org.br\/wordpress\/wp-json\/wp\/v2\/posts\/282\/revisions"}],"predecessor-version":[{"id":7958,"href":"https:\/\/www.confere.org.br\/wordpress\/wp-json\/wp\/v2\/posts\/282\/revisions\/7958"}],"wp:attachment":[{"href":"https:\/\/www.confere.org.br\/wordpress\/wp-json\/wp\/v2\/media?parent=282"}],"wp:term":[{"taxonomy":"category","embeddable":true,"href":"https:\/\/www.confere.org.br\/wordpress\/wp-json\/wp\/v2\/categories?post=282"},{"taxonomy":"post_tag","embeddable":true,"href":"https:\/\/www.confere.org.br\/wordpress\/wp-json\/wp\/v2\/tags?post=282"}],"curies":[{"name":"wp","href":"https:\/\/api.w.org\/{rel}","templated":true}]}}