{"id":2820,"date":"2020-04-02T14:43:34","date_gmt":"2020-04-02T17:43:34","guid":{"rendered":"https:\/\/www.confere.org.br\/wordpress\/?p=2820"},"modified":"2020-04-02T15:13:23","modified_gmt":"2020-04-02T18:13:23","slug":"coronavirus-representante-comercial-tera-direito-ao-auxilio-emergencial","status":"publish","type":"post","link":"https:\/\/www.confere.org.br\/wordpress\/coronavirus-representante-comercial-tera-direito-ao-auxilio-emergencial\/","title":{"rendered":"Coronav\u00edrus &#8211; Representante comercial ter\u00e1 direito ao aux\u00edlio emergencial?"},"content":{"rendered":"\n<p>O ministro da Secretaria-Geral da Presid\u00eancia, Jorge Oliveira, anunciou a san\u00e7\u00e3o em rede social. A medida n\u00e3o tinha sido publicada no &#8220;Di\u00e1rio Oficial da Uni\u00e3o&#8221; at\u00e9 o in\u00edcio da manh\u00e3 desta quinta-feira (2). A publica\u00e7\u00e3o \u00e9 necess\u00e1ria para oficializar o aux\u00edlio e permitir que o benef\u00edcio seja concedido.<\/p>\n\n\n\n<p>O aux\u00edlio tem o objetivo de diminuir o impacto da pandemia do coronav\u00edrus na renda dessas pessoas \u2013 que n\u00e3o t\u00eam carteira assinada e, por isso, foram mais afetadas pelas medidas de isolamento social.<\/p>\n\n\n\n<p>Embora se enquadre, a categoria dos representantes comerciais ter\u00e1 que cumprir requisitos para obter o benef\u00edcio. Para ter direito, por exemplo, os ganhos mensais da fam\u00edlia n\u00e3o podem ultrapassar o valor de R$ 3.135,00, nem ter recebido rendimentos tribut\u00e1veis acima de R$ 28.559,70 no ano de 2018.<\/p>\n\n\n\n<p>Al\u00e9m disso, o candidato ao benef\u00edcio tem de estar escrito no Cadastro \u00danico do Governo Federal, destinado aos trabalhadores informais ou contribuir individualmente com a Previd\u00eancia Social, e o profissional n\u00e3o pode receber benef\u00edcio previdenci\u00e1rio ou assistencial, seguro-desemprego ou de outro programa de transfer\u00eancia de renda federal, com exce\u00e7\u00e3o do Bolsa Fam\u00edlia.<\/p>\n\n\n\n<p>Em resumo, o novo Decreto pode sim beneficiar os representantes comerciais aut\u00f4nomos enquadrados na situa\u00e7\u00e3o acima, al\u00e9m de priorizar os profissionais de baixa renda, os microempreendedores individuais &#8211; MEI (neste caso, exclui-se o representante comercial) e os benefici\u00e1rios do bolsa fam\u00edlia, todos inscritos no Cadastro \u00danico.<\/p>\n\n\n\n<p><br><br><a rel=\"noreferrer noopener\" aria-label=\"Fonte: Core-SP (abre numa nova aba)\" href=\"https:\/\/www.core-sp.org.br\/noticia\/coronavirus-representante-comercial-tera-direito-ao-auxilio-emergencial\" target=\"_blank\">Fonte: Core-SP<\/a><\/p>\n","protected":false},"excerpt":{"rendered":"<p>O presidente da Rep\u00fablica sancionou com vetos, nesta quarta-feira (1\u00ba), a lei que estabelece um aux\u00edlio de R$ 600 mensais, por tr\u00eas meses, a trabalhadores informais.<\/p>\n","protected":false},"author":3,"featured_media":2821,"comment_status":"closed","ping_status":"closed","sticky":false,"template":"","format":"standard","meta":[],"categories":[34,49],"tags":[],"_links":{"self":[{"href":"https:\/\/www.confere.org.br\/wordpress\/wp-json\/wp\/v2\/posts\/2820"}],"collection":[{"href":"https:\/\/www.confere.org.br\/wordpress\/wp-json\/wp\/v2\/posts"}],"about":[{"href":"https:\/\/www.confere.org.br\/wordpress\/wp-json\/wp\/v2\/types\/post"}],"author":[{"embeddable":true,"href":"https:\/\/www.confere.org.br\/wordpress\/wp-json\/wp\/v2\/users\/3"}],"replies":[{"embeddable":true,"href":"https:\/\/www.confere.org.br\/wordpress\/wp-json\/wp\/v2\/comments?post=2820"}],"version-history":[{"count":2,"href":"https:\/\/www.confere.org.br\/wordpress\/wp-json\/wp\/v2\/posts\/2820\/revisions"}],"predecessor-version":[{"id":2823,"href":"https:\/\/www.confere.org.br\/wordpress\/wp-json\/wp\/v2\/posts\/2820\/revisions\/2823"}],"wp:featuredmedia":[{"embeddable":true,"href":"https:\/\/www.confere.org.br\/wordpress\/wp-json\/wp\/v2\/media\/2821"}],"wp:attachment":[{"href":"https:\/\/www.confere.org.br\/wordpress\/wp-json\/wp\/v2\/media?parent=2820"}],"wp:term":[{"taxonomy":"category","embeddable":true,"href":"https:\/\/www.confere.org.br\/wordpress\/wp-json\/wp\/v2\/categories?post=2820"},{"taxonomy":"post_tag","embeddable":true,"href":"https:\/\/www.confere.org.br\/wordpress\/wp-json\/wp\/v2\/tags?post=2820"}],"curies":[{"name":"wp","href":"https:\/\/api.w.org\/{rel}","templated":true}]}}