{"id":2833,"date":"2020-04-03T17:07:47","date_gmt":"2020-04-03T20:07:47","guid":{"rendered":"https:\/\/www.confere.org.br\/wordpress\/?p=2833"},"modified":"2020-04-07T16:59:00","modified_gmt":"2020-04-07T19:59:00","slug":"coronavirus-medidas-emergenciais-solicitadas-pelo-confere-a-cni-e-aos-governos-federal-municipais-e-estaduais","status":"publish","type":"post","link":"https:\/\/www.confere.org.br\/wordpress\/coronavirus-medidas-emergenciais-solicitadas-pelo-confere-a-cni-e-aos-governos-federal-municipais-e-estaduais\/","title":{"rendered":"Coronav\u00edrus: medidas emergenciais solicitadas pelo Confere \u00e0 CNI e aos governos Federal, Municipais e Estaduais"},"content":{"rendered":"\n<p>Informamos que estamos atentos aos\nclamores da categoria dos Representantes Comerciais, tendo, solicitado \u00e0 Confedera\u00e7\u00e3o Nacional da Ind\u00fastria (CNI) que\nenvide esfor\u00e7os no sentido de que as representadas&nbsp;n\u00e3o rescindam os\ncontratos que mant\u00e9m com os representantes comerciais, principalmente, no\ninterregno da pandemia, assim como n\u00e3o haja a diminui\u00e7\u00e3o dos percentuais das\ncomiss\u00f5es recebidas pelos mesmos e que n\u00e3o seja permitido que a eventual\ninadimpl\u00eancia dos clientes seja suportada pela categoria.<\/p>\n\n\n\n<p><a href=\"https:\/\/www.confere.org.br\/wordpress\/wp-content\/uploads\/2020\/04\/Oficio-Confere-ao-CNI.pdf\" target=\"_blank\" rel=\"noreferrer noopener\" aria-label=\"- Of\u00edcio enviado \u00e0 CNI. (abre numa nova aba)\">&#8211; Of\u00edcio enviado \u00e0 CNI.<\/a><\/p>\n\n\n\n<p>Solicitamos, tamb\u00e9m, medidas\nemergenciais, \u00e0s esferas Federal, Municipais e Estaduais, tais como:<\/p>\n\n\n\n<ul><li>Garantia de livre circula\u00e7\u00e3o dos representantes comerciais que atuem em \u00e1reas essenciais, tais como m\u00e9dica, hospitalar, medicamentos, aliment\u00edcia, higiene, limpeza e constru\u00e7\u00e3o, sem preju\u00edzo de outras;<\/li><\/ul>\n\n\n\n<ul><li>Isen\u00e7\u00e3o, suspens\u00e3o ou diminui\u00e7\u00e3o de tributos e outros encargos devidos pelos representantes comerciais;<\/li><\/ul>\n\n\n\n<ul><li>Cria\u00e7\u00e3o de linhas de\ncr\u00e9ditos especiais e aux\u00edlios financeiros aos representantes comerciais;<\/li><\/ul>\n\n\n\n<ul><li>Suspens\u00e3o dos prazos\nde processos administrativos tendo como sujeito passivo o representante\ncomercial.<\/li><\/ul>\n\n\n\n<ul><li>Isen\u00e7\u00e3o de pagamento\nde ped\u00e1gio por representantes comerciais que atuem nas \u00e1reas m\u00e9dica,\nhospitalar, medicamentos, aliment\u00edcia, higiene, limpeza e constru\u00e7\u00e3o.<\/li><\/ul>\n\n\n\n<ul><li>Isen\u00e7\u00e3o ou suspens\u00e3o\nde tributos e demais encargos relacionados ao licenciamento de ve\u00edculos\nutilizados por representantes comerciais.<\/li><\/ul>\n\n\n\n<ul><li>Sejam os\nrepresentantes comerciais, tamb\u00e9m, beneficiados pela proposta de aux\u00edlio mensal\na ser pago aos trabalhadores aut\u00f4nomos, informais e sem renda fixa, durante a\ncrise instaurada.<\/li><\/ul>\n\n\n\n<ul><li>Sejam os benef\u00edcios\nfiscais concedidos aos optantes pelo Simples Nacional, previstos na Resolu\u00e7\u00e3o\nn\u00ba 152\/2020 \u2013 CGSN, estendidos \u00e0s empresas optantes pelo regime do lucro\npresumido.<\/li><\/ul>\n\n\n\n<p>&#8211; <a href=\"https:\/\/www.confere.org.br\/wordpress\/wp-content\/uploads\/2020\/04\/Oficios-Confere-25_03_2020_.pdf\" target=\"_blank\" rel=\"noreferrer noopener\" aria-label=\"Of\u00edcios enviados aos governos Federal, Municipais e Estaduais. (abre numa nova aba)\">Of\u00edcios enviados aos governos Federal, Municipais e Estaduais.<\/a><\/p>\n\n\n\n<p>No \u00e2mbito do Sistema Confere\/Cores, foram editadas as Resolu\u00e7\u00f5es <a href=\"https:\/\/www.confere.org.br\/wordpress\/wp-content\/uploads\/2020\/04\/Resolucao-1149-prorrogacao-isencao-multas-juros_.pdf\" target=\"_blank\" rel=\"noreferrer noopener\" aria-label=\"n\u00ba 1.149 (abre numa nova aba)\">n\u00ba 1.149<\/a>, <a href=\"https:\/\/www.confere.org.br\/wordpress\/wp-content\/uploads\/2020\/03\/Resolucao-1150.pdf\" target=\"_blank\" rel=\"noreferrer noopener\" aria-label=\"n\u00ba 1.150 (abre numa nova aba)\">n\u00ba 1.150<\/a> e <a href=\"https:\/\/www.confere.org.br\/wordpress\/wp-content\/uploads\/2020\/04\/Resolucao-1151.pdf\" target=\"_blank\" rel=\"noreferrer noopener\" aria-label=\"n\u00ba 1.151 (abre numa nova aba)\">n\u00ba 1.151<\/a>, que determinam\u00a0medidas de apoio aos Representantes Comerciais, como: <\/p>\n\n\n\n<ul><li>Quanto \u00e0 aplica\u00e7\u00e3o da multa pelo registro profissional fora do prazo, n\u00e3o ser\u00e3o considerados para o c\u00e1lculo os duod\u00e9cimos correspondentes ao per\u00edodo de mar\u00e7o a junho;<\/li><\/ul>\n\n\n\n<ul><li>Para quem optou por pagar a anuidade em at\u00e9 3 (tr\u00eas) parcelas, sem descontos, vencendo-se a primeira em 30 de abril, a segunda em 31 de agosto e a terceira em 31 de dezembro de cada ano, informamos que o pagamento da 1\u00aa parcela da anuidade que tinha vencimento em 30 de abril de 2020, poder\u00e1 ser efetuado at\u00e9 30 de junho de 2020, sem acr\u00e9scimos;<\/li><\/ul>\n\n\n\n<ul><li> O prazo para requerimento da suspens\u00e3o do registro por inatividade foi prorrogado para o dia 31 de agosto de 2020;<\/li><\/ul>\n\n\n\n<ul><li>Os Conselhos Regionais foram autorizados a concederem car\u00eancia de at\u00e9 90 dias para pagamento, pelo representante comercial, pessoa f\u00edsica ou jur\u00eddica, da primeira parcela dos acordos de negocia\u00e7\u00e3o de d\u00e9bitos. A medida vale para acordos firmados a partir de 20 de mar\u00e7o. J\u00e1 os prazos dos acordos em curso poder\u00e3o ser prorrogados por at\u00e9 60 dias, contados dos vencimentos de cada parcela.<\/li><\/ul>\n\n\n\n<p>Para\nsaber mais, consulte sempre o nosso site e em caso de d\u00favidas, sugest\u00f5es ou\nreclama\u00e7\u00e3o, envie uma mensagem atrav\u00e9s do nosso Fale Conosco, no rodap\u00e9 do site.<\/p>\n","protected":false},"excerpt":{"rendered":"<p>No \u00e2mbito do Sistema Confere\/Cores, foram editadas as Resolu\u00e7\u00f5es n\u00ba 1.149, n\u00ba 1.150 e n\u00ba 1.151, que determinam medidas de apoio aos Representantes Comerciais<\/p>\n","protected":false},"author":3,"featured_media":2831,"comment_status":"closed","ping_status":"closed","sticky":false,"template":"","format":"standard","meta":[],"categories":[34,49],"tags":[],"_links":{"self":[{"href":"https:\/\/www.confere.org.br\/wordpress\/wp-json\/wp\/v2\/posts\/2833"}],"collection":[{"href":"https:\/\/www.confere.org.br\/wordpress\/wp-json\/wp\/v2\/posts"}],"about":[{"href":"https:\/\/www.confere.org.br\/wordpress\/wp-json\/wp\/v2\/types\/post"}],"author":[{"embeddable":true,"href":"https:\/\/www.confere.org.br\/wordpress\/wp-json\/wp\/v2\/users\/3"}],"replies":[{"embeddable":true,"href":"https:\/\/www.confere.org.br\/wordpress\/wp-json\/wp\/v2\/comments?post=2833"}],"version-history":[{"count":3,"href":"https:\/\/www.confere.org.br\/wordpress\/wp-json\/wp\/v2\/posts\/2833\/revisions"}],"predecessor-version":[{"id":2874,"href":"https:\/\/www.confere.org.br\/wordpress\/wp-json\/wp\/v2\/posts\/2833\/revisions\/2874"}],"wp:featuredmedia":[{"embeddable":true,"href":"https:\/\/www.confere.org.br\/wordpress\/wp-json\/wp\/v2\/media\/2831"}],"wp:attachment":[{"href":"https:\/\/www.confere.org.br\/wordpress\/wp-json\/wp\/v2\/media?parent=2833"}],"wp:term":[{"taxonomy":"category","embeddable":true,"href":"https:\/\/www.confere.org.br\/wordpress\/wp-json\/wp\/v2\/categories?post=2833"},{"taxonomy":"post_tag","embeddable":true,"href":"https:\/\/www.confere.org.br\/wordpress\/wp-json\/wp\/v2\/tags?post=2833"}],"curies":[{"name":"wp","href":"https:\/\/api.w.org\/{rel}","templated":true}]}}