{"id":2842,"date":"2020-04-06T11:01:41","date_gmt":"2020-04-06T14:01:41","guid":{"rendered":"https:\/\/www.confere.org.br\/wordpress\/?p=2842"},"modified":"2020-04-06T11:01:41","modified_gmt":"2020-04-06T14:01:41","slug":"empresa-que-reduzir-jornada-e-salario-tambem-podera-financiar-parte-da-folha-diz-governo","status":"publish","type":"post","link":"https:\/\/www.confere.org.br\/wordpress\/empresa-que-reduzir-jornada-e-salario-tambem-podera-financiar-parte-da-folha-diz-governo\/","title":{"rendered":"Empresa que reduzir jornada e sal\u00e1rio tamb\u00e9m poder\u00e1 financiar parte da folha, diz governo"},"content":{"rendered":"\n<p>O secret\u00e1rio especial de Previd\u00eancia e Trabalho do&nbsp;<a href=\"https:\/\/g1.globo.com\/tudo-sobre\/ministerio-da-economia\/\">Minist\u00e9rio da Economia<\/a>, Bruno Bianco, afirmou nesta sexta-feira (3) que as empresas que&nbsp;<a href=\"https:\/\/g1.globo.com\/economia\/noticia\/2020\/04\/01\/veja-detalhes-da-mp-que-autoriza-reducao-de-jornada-e-salario-em-ate-tres-meses.ghtml\">reduzirem a jornada e o sal\u00e1rio<\/a>&nbsp;dos trabalhadores tamb\u00e9m poder\u00e3o aderir ao programa de financiamento da folha de sal\u00e1rio para financiar o restante do sal\u00e1rio dos funcion\u00e1rios.<\/p>\n\n\n\n<p>O governo detalhou nesta sexta a&nbsp;<a href=\"https:\/\/g1.globo.com\/economia\/noticia\/2020\/03\/27\/governo-anuncia-linha-de-credito-de-r-40-bi-para-financiar-folha-de-pequenas-e-medias-empresas.ghtml\">medida provis\u00f3ria anunciada na semana passada&nbsp;<\/a>que abrir\u00e1 uma linha de cr\u00e9dito emergencial para pequenas e m\u00e9dias empresas a fim de ajud\u00e1-las a pagar os sal\u00e1rios de seus funcion\u00e1rios pelo per\u00edodo de dois meses em raz\u00e3o da crise do&nbsp;<a href=\"https:\/\/g1.globo.com\/bemestar\/coronavirus\/\">coronav\u00edrus<\/a>.<\/p>\n\n\n\n<p>\u201cPode [aderir aos dois programas]. Especialmente quando ela faz uma redu\u00e7\u00e3o de jornada com a consequente&nbsp;<a href=\"https:\/\/g1.globo.com\/economia\/noticia\/2020\/04\/02\/como-ficam-os-salarios-com-a-reducao-de-jornada-veja-simulacoes.ghtml\">redu\u00e7\u00e3o do sal\u00e1rio<\/a>, ela pode tranquilamente financiar o pagamento da folha, financiar a sua pr\u00f3pria folha\u201d, afirmou.<\/p>\n\n\n\n<p>O programa de parcelamento vai beneficiar empresas com faturamento anual entre R$ 360 mil e R$ 10 milh\u00f5es, com o limite de dois sal\u00e1rios m\u00ednimos por trabalhador.<\/p>\n\n\n\n<p>Segundo o secret\u00e1rio-executivo do Minist\u00e9rio da Economia, Marcelo Guaranys, a MP j\u00e1 est\u00e1 pronta para ser assinada pelo presidente Jair Bolsonaro.<\/p>\n\n\n\n<p>Guaranys afirmou que a medida pode ser implementada poucas horas depois de assinada pelo presidente j\u00e1 que s\u00f3 ser\u00e1 necess\u00e1ria uma resolu\u00e7\u00e3o do Conselho Monet\u00e1rio Nacional (CMN).<\/p>\n\n\n\n<p>\u201cN\u00f3s podemos fazer a reuni\u00e3o extraordin\u00e1ria [do Conselho Monet\u00e1rio] no fim de semana, assim que n\u00f3s tivermos toda a documenta\u00e7\u00e3o pronta, para que ent\u00e3o o programa seja regulamentado e para a implementa\u00e7\u00e3o imediata dos bancos. Assim que for publicada a resolu\u00e7\u00e3o [do CNM], os bancos, no come\u00e7o da semana que vem, j\u00e1 podem implementar o programa\u201d, afirmou o secret\u00e1rio em apresenta\u00e7\u00e3o no Pal\u00e1cio do Planalto.<\/p>\n\n\n\n<p>Segundo o diretor de Regula\u00e7\u00e3o do Banco Central, Otavio Damaso, a medida ter\u00e1 um custo de R$ 20 bilh\u00f5es por m\u00eas, dos quais 85% ser\u00e3o recursos do Tesouro Nacional e 15% dos bancos privados. Assim, o custo da medida para o Tesouro ser\u00e1 de R$ 34 bilh\u00f5es em dois meses.<\/p>\n\n\n\n<p>Guaranys afirmou que o principal objetivo do financiamento da folha \u00e9 manter empregos.<\/p>\n\n\n\n<p>&#8220;Estamos tentando aqui fazer o m\u00e1ximo poss\u00edvel para que as empresas tenham f\u00f4lego para manter as pessoas empregadas, que os empregados n\u00e3o percam os seu sal\u00e1rios e que a gente continue fazendo a economia funcionar mesmo neste momento dif\u00edcil que estamos vivendo&#8221;, disse.<\/p>\n\n\n\n<h4><br>Condi\u00e7\u00f5es do programa<\/h4>\n\n\n\n<p>O que prev\u00ea o programa de financiamento da folha:<\/p>\n\n\n\n<ul><li>podem participar empresas com faturamento de R$ 360 mil a R$ 10 milh\u00f5es por ano;<\/li><li>o empr\u00e9stimo financiar\u00e1 at\u00e9 dois sal\u00e1rios m\u00ednimos por dois meses. As empresas ser\u00e3o respons\u00e1veis por complementar o sal\u00e1rio de quem recebe mais de dois sal\u00e1rios m\u00ednimos;<\/li><li>o dinheiro ser\u00e1 depositado diretamente na conta do trabalhar;<\/li><li>a empresa que fizer o financiamento n\u00e3o poder\u00e1 demitir o funcion\u00e1rio sem justa causa durante os dois meses da medida e por dois meses ap\u00f3s o fim do programa.<\/li><li>os juros ser\u00e3o de 3,75% ao ano, com seis meses de car\u00eancia;<\/li><li>o programa estar\u00e1 dispon\u00edvel at\u00e9 30 de junho.<\/li><\/ul>\n\n\n\n<p><br><br><a href=\"https:\/\/g1.globo.com\/economia\/noticia\/2020\/04\/03\/empresa-que-reduzir-jornada-e-salario-tambem-podera-financiar-parte-da-folha-diz-governo.ghtml\" target=\"_blank\" rel=\"noreferrer noopener\" aria-label=\"Fonte: www.g1.globo.com (abre numa nova aba)\">Fonte: www.g1.globo.com<\/a><\/p>\n","protected":false},"excerpt":{"rendered":"<p>Minist\u00e9rio informou que MP para financiamento da folha de pagamento j\u00e1 est\u00e1 pronta para ser assinada. Medida beneficia empresas com faturamento anual de R$ 360 mil a R$ 10 milh\u00f5es.<\/p>\n","protected":false},"author":3,"featured_media":2843,"comment_status":"closed","ping_status":"closed","sticky":false,"template":"","format":"standard","meta":[],"categories":[2],"tags":[],"_links":{"self":[{"href":"https:\/\/www.confere.org.br\/wordpress\/wp-json\/wp\/v2\/posts\/2842"}],"collection":[{"href":"https:\/\/www.confere.org.br\/wordpress\/wp-json\/wp\/v2\/posts"}],"about":[{"href":"https:\/\/www.confere.org.br\/wordpress\/wp-json\/wp\/v2\/types\/post"}],"author":[{"embeddable":true,"href":"https:\/\/www.confere.org.br\/wordpress\/wp-json\/wp\/v2\/users\/3"}],"replies":[{"embeddable":true,"href":"https:\/\/www.confere.org.br\/wordpress\/wp-json\/wp\/v2\/comments?post=2842"}],"version-history":[{"count":1,"href":"https:\/\/www.confere.org.br\/wordpress\/wp-json\/wp\/v2\/posts\/2842\/revisions"}],"predecessor-version":[{"id":2844,"href":"https:\/\/www.confere.org.br\/wordpress\/wp-json\/wp\/v2\/posts\/2842\/revisions\/2844"}],"wp:featuredmedia":[{"embeddable":true,"href":"https:\/\/www.confere.org.br\/wordpress\/wp-json\/wp\/v2\/media\/2843"}],"wp:attachment":[{"href":"https:\/\/www.confere.org.br\/wordpress\/wp-json\/wp\/v2\/media?parent=2842"}],"wp:term":[{"taxonomy":"category","embeddable":true,"href":"https:\/\/www.confere.org.br\/wordpress\/wp-json\/wp\/v2\/categories?post=2842"},{"taxonomy":"post_tag","embeddable":true,"href":"https:\/\/www.confere.org.br\/wordpress\/wp-json\/wp\/v2\/tags?post=2842"}],"curies":[{"name":"wp","href":"https:\/\/api.w.org\/{rel}","templated":true}]}}