{"id":2868,"date":"2020-04-07T09:41:27","date_gmt":"2020-04-07T12:41:27","guid":{"rendered":"https:\/\/www.confere.org.br\/wordpress\/?p=2868"},"modified":"2020-04-07T09:41:27","modified_gmt":"2020-04-07T12:41:27","slug":"caixa-lanca-site-para-solicitar-auxilio-emergencial-de-r-600","status":"publish","type":"post","link":"https:\/\/www.confere.org.br\/wordpress\/caixa-lanca-site-para-solicitar-auxilio-emergencial-de-r-600\/","title":{"rendered":"Caixa lan\u00e7a site para solicitar aux\u00edlio emergencial de R$ 600"},"content":{"rendered":"\n<p>A Caixa Econ\u00f4mica Federal disponibilizou nesta ter\u00e7a-feira (7) o site por meio do qual informais, aut\u00f4nomos e MEIs podem solicitar o aux\u00edlio emergencial de R$ 600. A Caixa ir\u00e1 detalhar como ser\u00e3o feitos os pagamentos ainda na manh\u00e3 desta ter\u00e7a &#8211;&nbsp;<strong>assista AO VIVO no v\u00eddeo acima<\/strong>.<\/p>\n\n\n\n<p>Clique aqui para acessar:<a rel=\"noreferrer noopener\" href=\"https:\/\/auxilio.caixa.gov.br\/#\/inicio\" target=\"_blank\">\u00a0https:\/\/auxilio.caixa.gov.br\/#\/inicio<\/a><\/p>\n\n\n\n<figure class=\"wp-block-image\"><img src=\"https:\/\/s2.glbimg.com\/gIeOUn0PCpg5cdCaxMvm5CHur4g=\/0x0:1243x587\/984x0\/smart\/filters:strip_icc()\/i.s3.glbimg.com\/v1\/AUTH_59edd422c0c84a879bd37670ae4f538a\/internal_photos\/bs\/2020\/K\/X\/6aBDG1TBWz9MgFwBQQhQ\/captura-de-tela-2020-04-07-as-09.15.16.png\" alt=\"P\u00e1gina de abertura - solicita\u00e7\u00e3o de aux\u00edlio emergencial de R$ 600 \u2014 Foto: Reprodu\u00e7\u00e3o\"\/><\/figure>\n\n\n\n<p>A Caixa tamb\u00e9m deve disponibilizar, ainda nesta ter\u00e7a-feira, um aplicativo para celular por meio do qual os pedidos poder\u00e3o ser feitos, assim como um n\u00famero de telefone para que os trabalhadores possam tirar d\u00favidas.<\/p>\n\n\n\n<p>O benef\u00edcio ser\u00e1 pago a trabalhadores&nbsp;<strong>informais, aut\u00f4nomos e MEIs.<\/strong><\/p>\n\n\n\n<ul><li><a href=\"https:\/\/g1.globo.com\/economia\/noticia\/2020\/03\/27\/quem-deve-ter-direito-e-como-deve-funcionar-o-auxilio-de-r-600-para-trabalhadores-informais.ghtml\">Aux\u00edlio emergencial: quem ter\u00e1 direito e como vai funcionar a ajuda de R$ 600 para trabalhadores informais<\/a><\/li><\/ul>\n\n\n\n<p><strong>Ser\u00e1 preciso se enquadrar em uma das condi\u00e7\u00f5es abaixo:<\/strong><\/p>\n\n\n\n<ul><li>ser titular de pessoa jur\u00eddica (Micro Empreendedor Individual, ou MEI);<\/li><li>estar inscrito Cadastro \u00danico (Cad\u00danico) para Programas Sociais do Governo Federal at\u00e9 o \u00faltimo dia dia 20 de mar\u00e7o;<\/li><li>cumprir o requisito de renda m\u00e9dia (renda mensal de at\u00e9 meio sal\u00e1rio m\u00ednimo por pessoa, e de at\u00e9 3 sal\u00e1rios m\u00ednimos por fam\u00edlia) at\u00e9 20 de mar\u00e7o de 2020;<\/li><li>ser contribuinte individual ou facultativo do Regime Geral de Previd\u00eancia Social.<\/li><\/ul>\n\n\n\n<p><strong>Al\u00e9m disso, todos os benefici\u00e1rios dever\u00e3o:<\/strong><\/p>\n\n\n\n<ul><li>ter mais de 18 anos de idade;<\/li><li>ter renda mensal de at\u00e9 meio sal\u00e1rio m\u00ednimo por pessoa (R$ 522,50);<\/li><li>ter renda mensal at\u00e9 3 sal\u00e1rios m\u00ednimos (R$ 3.135) por fam\u00edlia;<\/li><li>n\u00e3o ter recebido rendimentos tribut\u00e1veis acima de R$ 28.559,70 em 2018.<\/li><li>A mulher que for m\u00e3e e chefe de fam\u00edlia, e estiver dentro dos demais crit\u00e9rios, poder\u00e1 receber R$ 1,2 mil (duas cotas) por m\u00eas.<\/li><\/ul>\n\n\n\n<p>Na renda familiar, ser\u00e3o considerados todos os rendimentos obtidos por todos os membros que moram na mesma resid\u00eancia, exceto o dinheiro do Bolsa Fam\u00edlia.<\/p>\n\n\n\n<p><br><br><a href=\"https:\/\/g1.globo.com\/economia\/noticia\/2020\/04\/07\/caixa-lanca-site-para-solicitar-auxilio-de-r-600.ghtml\" target=\"_blank\" rel=\"noreferrer noopener\" aria-label=\"Fonte: www.g1.globo.com (abre numa nova aba)\">Fonte: www.g1.globo.com<\/a><\/p>\n","protected":false},"excerpt":{"rendered":"<p>Caixa tamb\u00e9m deve disponibilizar, ainda nesta ter\u00e7a-feira, um aplicativo para celular, assim como um n\u00famero de telefone.<\/p>\n","protected":false},"author":3,"featured_media":2869,"comment_status":"closed","ping_status":"closed","sticky":false,"template":"","format":"standard","meta":[],"categories":[2],"tags":[],"_links":{"self":[{"href":"https:\/\/www.confere.org.br\/wordpress\/wp-json\/wp\/v2\/posts\/2868"}],"collection":[{"href":"https:\/\/www.confere.org.br\/wordpress\/wp-json\/wp\/v2\/posts"}],"about":[{"href":"https:\/\/www.confere.org.br\/wordpress\/wp-json\/wp\/v2\/types\/post"}],"author":[{"embeddable":true,"href":"https:\/\/www.confere.org.br\/wordpress\/wp-json\/wp\/v2\/users\/3"}],"replies":[{"embeddable":true,"href":"https:\/\/www.confere.org.br\/wordpress\/wp-json\/wp\/v2\/comments?post=2868"}],"version-history":[{"count":1,"href":"https:\/\/www.confere.org.br\/wordpress\/wp-json\/wp\/v2\/posts\/2868\/revisions"}],"predecessor-version":[{"id":2870,"href":"https:\/\/www.confere.org.br\/wordpress\/wp-json\/wp\/v2\/posts\/2868\/revisions\/2870"}],"wp:featuredmedia":[{"embeddable":true,"href":"https:\/\/www.confere.org.br\/wordpress\/wp-json\/wp\/v2\/media\/2869"}],"wp:attachment":[{"href":"https:\/\/www.confere.org.br\/wordpress\/wp-json\/wp\/v2\/media?parent=2868"}],"wp:term":[{"taxonomy":"category","embeddable":true,"href":"https:\/\/www.confere.org.br\/wordpress\/wp-json\/wp\/v2\/categories?post=2868"},{"taxonomy":"post_tag","embeddable":true,"href":"https:\/\/www.confere.org.br\/wordpress\/wp-json\/wp\/v2\/tags?post=2868"}],"curies":[{"name":"wp","href":"https:\/\/api.w.org\/{rel}","templated":true}]}}